{"id":118361,"date":"2025-10-20T06:11:19","date_gmt":"2025-10-20T06:11:19","guid":{"rendered":"https:\/\/www.europesays.com\/pt\/118361\/"},"modified":"2025-10-20T06:11:19","modified_gmt":"2025-10-20T06:11:19","slug":"99-das-pessoas-que-sofreram-infarto-ou-avc-tinham-esse-problema-dol","status":"publish","type":"post","link":"https:\/\/www.europesays.com\/pt\/118361\/","title":{"rendered":"99% das pessoas que sofreram infarto ou AVC tinham esse problema \u2022 DOL"},"content":{"rendered":"<p>Embora <a href=\"https:\/\/dol.com.br\/tags\/avc?d=1\" target=\"_blank\" rel=\"nofollow noopener\" data-rel-defined=\"\">muitos enxerguem infartos e AVCs como acontecimentos s\u00fabitos e inevit\u00e1veis<\/a>, um novo estudo robusto realizado por universidades da Coreia do Sul e dos Estados Unidos traz uma constata\u00e7\u00e3o clara: na imensa maioria das vezes, os sinais de risco j\u00e1 estavam presentes, ainda que ignorados.<\/p>\n<p>Pesquisadores da Universidade Yonsei, na Coreia do Sul, e da Universidade Northwestern, nos Estados Unidos, analisaram dados de sa\u00fade de mais de 9,3 milh\u00f5es de sul-coreanos e cerca de 6.800 americanos, acompanhados por quase duas d\u00e9cadas. O objetivo foi identificar padr\u00f5es em pessoas que sofreram doen\u00e7a coronariana, insufici\u00eancia card\u00edaca ou acidente vascular cerebral (AVC).<\/p>\n<p>Conte\u00fado Relacionado<\/p>\n<p>A principal descoberta foi contundente: mais de 99% dos indiv\u00edduos que passaram por esses eventos graves tinham ao menos um entre quatro fatores de <a href=\"https:\/\/dol.com.br\/tags\/doencas-cardiovasculares\" target=\"_blank\" rel=\"nofollow noopener\" data-rel-defined=\"\">risco cardiovascular<\/a> em n\u00edveis indesejados. Os elementos analisados foram press\u00e3o arterial elevada, colesterol alto, glicemia alterada (a\u00e7\u00facar no sangue) e hist\u00f3rico de tabagismo.<\/p>\n<p>Ainda mais revelador, 93% dessas pessoas apresentavam dois ou mais desses fatores combinados. Entre eles, a hipertens\u00e3o foi o mais comum, atingindo mais de 95% dos pacientes coreanos e 93% dos americanos afetados.<\/p>\n<p>Esses riscos estavam presentes mesmo entre grupos geralmente considerados menos vulner\u00e1veis. Entre mulheres com menos de 60 anos, por exemplo, mais de 95% tinham pelo menos um fator em n\u00edvel preocupante antes do primeiro epis\u00f3dio de fal\u00eancia card\u00edaca ou AVC.<\/p>\n<p>O estudo, publicado no Journal of the American College of Cardiology (JACC), tamb\u00e9m avaliou os n\u00edveis considerados mais cr\u00edticos, ou seja, os usados como refer\u00eancia para diagn\u00f3stico cl\u00ednico. Nesses casos mais graves, como press\u00e3o arterial acima de 140\/90 mmHg, colesterol total acima de 240 mg\/dL e glicemia de jejum acima de 126 mg\/dL, ainda assim, 90% dos pacientes j\u00e1 apresentavam esses fatores antes do colapso de sa\u00fade.<\/p>\n<p>Diante da constata\u00e7\u00e3o, os cientistas refor\u00e7am a import\u00e2ncia de interven\u00e7\u00f5es preventivas simples, mas eficazes, como o controle da press\u00e3o, do colesterol e da glicose, al\u00e9m de campanhas contra o fumo. Para os autores, n\u00e3o \u00e9 preciso procurar culpados \u201cinvis\u00edveis\u201d ou fatores misteriosos, quando as causas est\u00e3o bem documentadas e s\u00e3o amplamente modific\u00e1veis.<\/p>\n<p>\u201cO estudo mostra muito claramente que quase todos os eventos cardiovasculares ocorrem ap\u00f3s exposi\u00e7\u00e3o a fatores de risco conhecidos e trat\u00e1veis. O desafio agora \u00e9 melhorar a preven\u00e7\u00e3o e o controle dessas condi\u00e7\u00f5es\u201d, destacou Philip Greenland, professor de cardiologia da Universidade Northwestern e um dos respons\u00e1veis pela pesquisa.<\/p>\n<p>Quer saber mais de sa\u00fade? <a href=\"https:\/\/www.whatsapp.com\/channel\/0029Va9IlAw2v1J02cbfQ31H\" target=\"_blank\" rel=\"nofollow noopener\" data-rel-defined=\"\">Acesse o nosso canal no WhatsApp<\/a><\/p>\n<p>As<a href=\"https:\/\/dol.com.br\/tags\/doencas-cardiovasculares\" target=\"_blank\" rel=\"nofollow noopener\" data-rel-defined=\"\"> doen\u00e7as cardiovasculares<\/a> continuam sendo a principal causa de morte no mundo, o que torna as conclus\u00f5es ainda mais relevantes para pol\u00edticas p\u00fablicas de sa\u00fade e aten\u00e7\u00e3o b\u00e1sica. Segundo os especialistas, o foco precisa mudar da rea\u00e7\u00e3o ao problema para a preven\u00e7\u00e3o antes que ele comece a se desenvolver.<\/p>\n","protected":false},"excerpt":{"rendered":"Embora muitos enxerguem infartos e AVCs como acontecimentos s\u00fabitos e inevit\u00e1veis, um novo estudo robusto realizado por universidades&hellip;\n","protected":false},"author":2,"featured_media":118362,"comment_status":"","ping_status":"","sticky":false,"template":"","format":"standard","meta":{"footnotes":""},"categories":[86],"tags":[27587,27588,4434,116,27589,32,27590,33,117,7615],"class_list":{"0":"post-118361","1":"post","2":"type-post","3":"status-publish","4":"format-standard","5":"has-post-thumbnail","7":"category-saude","8":"tag-doencas-coronarianas","9":"tag-estudo-sobre-infarto","10":"tag-fatores-de-risco-cardiovascular","11":"tag-health","12":"tag-hipertensao-e-colesterol","13":"tag-portugal","14":"tag-prevencao-de-avc","15":"tag-pt","16":"tag-saude","17":"tag-saude-cardiovascular"},"share_on_mastodon":{"url":"https:\/\/pubeurope.com\/@pt\/115405015162830916","error":""},"_links":{"self":[{"href":"https:\/\/www.europesays.com\/pt\/wp-json\/wp\/v2\/posts\/118361","targetHints":{"allow":["GET"]}}],"collection":[{"href":"https:\/\/www.europesays.com\/pt\/wp-json\/wp\/v2\/posts"}],"about":[{"href":"https:\/\/www.europesays.com\/pt\/wp-json\/wp\/v2\/types\/post"}],"author":[{"embeddable":true,"href":"https:\/\/www.europesays.com\/pt\/wp-json\/wp\/v2\/users\/2"}],"replies":[{"embeddable":true,"href":"https:\/\/www.europesays.com\/pt\/wp-json\/wp\/v2\/comments?post=118361"}],"version-history":[{"count":0,"href":"https:\/\/www.europesays.com\/pt\/wp-json\/wp\/v2\/posts\/118361\/revisions"}],"wp:featuredmedia":[{"embeddable":true,"href":"https:\/\/www.europesays.com\/pt\/wp-json\/wp\/v2\/media\/118362"}],"wp:attachment":[{"href":"https:\/\/www.europesays.com\/pt\/wp-json\/wp\/v2\/media?parent=118361"}],"wp:term":[{"taxonomy":"category","embeddable":true,"href":"https:\/\/www.europesays.com\/pt\/wp-json\/wp\/v2\/categories?post=118361"},{"taxonomy":"post_tag","embeddable":true,"href":"https:\/\/www.europesays.com\/pt\/wp-json\/wp\/v2\/tags?post=118361"}],"curies":[{"name":"wp","href":"https:\/\/api.w.org\/{rel}","templated":true}]}}