{"id":118365,"date":"2025-10-20T06:17:08","date_gmt":"2025-10-20T06:17:08","guid":{"rendered":"https:\/\/www.europesays.com\/pt\/118365\/"},"modified":"2025-10-20T06:17:08","modified_gmt":"2025-10-20T06:17:08","slug":"monos-para-turistas-levarem-como-recordacao-noticias-de-coimbra","status":"publish","type":"post","link":"https:\/\/www.europesays.com\/pt\/118365\/","title":{"rendered":"\u201cMONOS\u201d PARA TURISTAS LEVAREM COMO RECORDA\u00c7\u00c3O \u2013 Not\u00edcias de Coimbra"},"content":{"rendered":"<p><strong>Situa\u00e7\u00e3o arrasta-se h\u00e1 algumas semanas numa das principais art\u00e9rias da cidade de Coimbra.<\/strong><\/p>\n<p>A Avenida Fern\u00e3o de Magalh\u00e3es, em Coimbra, parece ter sido escolhida como o local de dep\u00f3sito de lixo na cidade.<\/p>\n<p>Situado junto a diversas entidades p\u00fablicas e privadas, como por exemplo a antiga Dire\u00e7\u00e3o Regional de Agricultura, este local \u00e9 local de passagem de turistas e visitantes quando pretendem dirigir-se para o centro da cidade.<\/p>\n<p>Os primeiros a prevaricar foram uma empresa de constru\u00e7\u00e3o civil que, no \u00e2mbito de uma obra num dos futuros espa\u00e7os comerciais desta zona central, decidiram deixar os \u201crestos\u201d em plena rua.<\/p>\n<p>A situa\u00e7\u00e3o j\u00e1 dura h\u00e1 algumas semanas, estranhando-se apenas o facto do resto destas obras terem sido levadas para o respetivo local e apenas este lixo ter sido deixado para tr\u00e1s.<\/p>\n<p>No presente fim de semana, e aproveitando a situa\u00e7\u00e3o anterior, houve quem decidisse ali colocar um sof\u00e1 de pernas para o ar, caixas de eletrodom\u00e9sticos, paletes e at\u00e9 um pequeno colch\u00e3o.<\/p>\n<p>J\u00e1 houve um per\u00edodo em que, ao lado deste lixo de obras, estiveram tamb\u00e9m frigor\u00edficos e sanitas, entre outros \u201cmonos\u201d. Mas algu\u00e9m os ter\u00e1 levado e deixado este triste cen\u00e1rio que O SEXO E A CIDADE aqui mostra.<\/p>\n<p>Em pleno centro da cidade de Coimbra e nas \u201cbarbas\u201d do atual presidente da c\u00e2mara.<\/p>\n<p>PUBLICIDADE<\/p>\n<p>\t\t\t<a class=\"publicidade-imagem d-flex justify-content-center\" href=\"https:\/\/cm-lousa.pt\/turismo\/festival-gasronomico-sabores-de-outono-2025\/?fbclid=IwY2xjawNV7GdleHRuA2FlbQIxMABicmlkETE3cjhzT0x6aFhQeVY4QWJ6AR4R68QLQ6pLYkmbLNUncCiPXCFfSJDhjHAZnxgRQhNirPDKhmErXPoPnNidqw_aem_N1E2ii1MFvsiGn54yrXgnA\" rel=\"nofollow noopener\" target=\"_blank\"><br \/>\n\t\t\t  <img loading=\"lazy\" decoding=\"async\" width=\"300\" height=\"600\" src=\"https:\/\/www.europesays.com\/pt\/wp-content\/uploads\/2025\/10\/sabores_outono_2025_-.jpg\" alt=\"publicidade\" class=\"img-fluid\"\/><br \/>\n\t\t\t<\/a><\/p>\n","protected":false},"excerpt":{"rendered":"Situa\u00e7\u00e3o arrasta-se h\u00e1 algumas semanas numa das principais art\u00e9rias da cidade de Coimbra. A Avenida Fern\u00e3o de Magalh\u00e3es,&hellip;\n","protected":false},"author":2,"featured_media":118366,"comment_status":"","ping_status":"","sticky":false,"template":"","format":"standard","meta":{"footnotes":""},"categories":[10],"tags":[27,28,15,16,14,25,26,21,22,12,13,19,20,32,23,24,33,17,18,29,30,31],"class_list":{"0":"post-118365","1":"post","2":"type-post","3":"status-publish","4":"format-standard","5":"has-post-thumbnail","7":"category-portugal","8":"tag-breaking-news","9":"tag-breakingnews","10":"tag-featured-news","11":"tag-featurednews","12":"tag-headlines","13":"tag-latest-news","14":"tag-latestnews","15":"tag-main-news","16":"tag-mainnews","17":"tag-news","18":"tag-noticias","19":"tag-noticias-principais","20":"tag-noticiasprincipais","21":"tag-portugal","22":"tag-principais-noticias","23":"tag-principaisnoticias","24":"tag-pt","25":"tag-top-stories","26":"tag-topstories","27":"tag-ultimas","28":"tag-ultimas-noticias","29":"tag-ultimasnoticias"},"share_on_mastodon":{"url":"https:\/\/pubeurope.com\/@pt\/115405038892539930","error":""},"_links":{"self":[{"href":"https:\/\/www.europesays.com\/pt\/wp-json\/wp\/v2\/posts\/118365","targetHints":{"allow":["GET"]}}],"collection":[{"href":"https:\/\/www.europesays.com\/pt\/wp-json\/wp\/v2\/posts"}],"about":[{"href":"https:\/\/www.europesays.com\/pt\/wp-json\/wp\/v2\/types\/post"}],"author":[{"embeddable":true,"href":"https:\/\/www.europesays.com\/pt\/wp-json\/wp\/v2\/users\/2"}],"replies":[{"embeddable":true,"href":"https:\/\/www.europesays.com\/pt\/wp-json\/wp\/v2\/comments?post=118365"}],"version-history":[{"count":0,"href":"https:\/\/www.europesays.com\/pt\/wp-json\/wp\/v2\/posts\/118365\/revisions"}],"wp:featuredmedia":[{"embeddable":true,"href":"https:\/\/www.europesays.com\/pt\/wp-json\/wp\/v2\/media\/118366"}],"wp:attachment":[{"href":"https:\/\/www.europesays.com\/pt\/wp-json\/wp\/v2\/media?parent=118365"}],"wp:term":[{"taxonomy":"category","embeddable":true,"href":"https:\/\/www.europesays.com\/pt\/wp-json\/wp\/v2\/categories?post=118365"},{"taxonomy":"post_tag","embeddable":true,"href":"https:\/\/www.europesays.com\/pt\/wp-json\/wp\/v2\/tags?post=118365"}],"curies":[{"name":"wp","href":"https:\/\/api.w.org\/{rel}","templated":true}]}}