{"id":118373,"date":"2025-10-20T06:28:11","date_gmt":"2025-10-20T06:28:11","guid":{"rendered":"https:\/\/www.europesays.com\/pt\/118373\/"},"modified":"2025-10-20T06:28:11","modified_gmt":"2025-10-20T06:28:11","slug":"nova-pesquisa-aponta-terapia-para-reduzir-doencas-mitocondriais","status":"publish","type":"post","link":"https:\/\/www.europesays.com\/pt\/118373\/","title":{"rendered":"Nova pesquisa aponta terapia para reduzir doen\u00e7as mitocondriais"},"content":{"rendered":"<p class=\"zr-lede\">Uma nova pesquisa publicada na revista Science aponta para avan\u00e7os significativos no tratamento de doen\u00e7as mitocondriais, que podem impactar a sa\u00fade de muitos beb\u00eas.<\/p>\n<p>\n      i<br \/>Por que importa para Osasco\n    <\/p>\n<ul>\n<li>As doen\u00e7as mitocondriais s\u00e3o raras, afetando cerca de 1 em cada 8 mil pessoas.<\/li>\n<li>A pesquisa pode abrir novas possibilidades de tratamento para essas condi\u00e7\u00f5es heredit\u00e1rias.<\/li>\n<\/ul>\n<p>O estudo revela um mecanismo celular que pode ser crucial para reduzir o risco de transmiss\u00e3o de muta\u00e7\u00f5es gen\u00e9ticas respons\u00e1veis por essas doen\u00e7as graves e incur\u00e1veis.<\/p>\n<p>A pesquisa identifica que a transmiss\u00e3o de muta\u00e7\u00f5es ocorre quando as mitoc\u00f4ndrias defectivas n\u00e3o s\u00e3o eliminadas adequadamente durante o desenvolvimento embrion\u00e1rio. Isso resulta em um ac\u00famulo que pode levar a doen\u00e7as no futuro.<\/p>\n<p>Em condi\u00e7\u00f5es normais, o embri\u00e3o possui um sistema de \u201ccontrole de qualidade\u201d conhecido como mitofagia, que elimina as mitoc\u00f4ndrias defeituosas. No entanto, a enzima USP30 pode bloquear essa elimina\u00e7\u00e3o, aumentando a quantidade de mitoc\u00f4ndrias mutantes.<\/p>\n<p>Os pesquisadores utilizaram camundongos para demonstrar que, nos primeiros dias ap\u00f3s a fecunda\u00e7\u00e3o, as muta\u00e7\u00f5es n\u00e3o s\u00e3o reconhecidas devido \u00e0 superativa\u00e7\u00e3o da USP30. Esse processo impede que as mitoc\u00f4ndrias defeituosas sejam eliminadas, permitindo a transmiss\u00e3o das muta\u00e7\u00f5es.<\/p>\n<p>O estudo sugere que ao inibir a USP30, \u00e9 poss\u00edvel criar uma \u201cjanela de elimina\u00e7\u00e3o\u201d para as mitoc\u00f4ndrias mutantes logo ap\u00f3s a fecunda\u00e7\u00e3o, o que poderia ser utilizado no tratamento de embri\u00f5es em fertiliza\u00e7\u00e3o in vitro.<\/p>\n<p>\n      \ud83d\udc40<br \/>O que observar\n    <\/p>\n<ul>\n<li>Potenciais novos tratamentos para doen\u00e7as mitocondriais.<\/li>\n<li>Desenvolvimentos em t\u00e9cnicas de fertiliza\u00e7\u00e3o in vitro.<\/li>\n<\/ul>\n","protected":false},"excerpt":{"rendered":"Uma nova pesquisa publicada na revista Science aponta para avan\u00e7os significativos no tratamento de doen\u00e7as mitocondriais, que podem&hellip;\n","protected":false},"author":2,"featured_media":118374,"comment_status":"","ping_status":"","sticky":false,"template":"","format":"standard","meta":{"footnotes":""},"categories":[86],"tags":[27592,27593,116,32,33,117,27594],"class_list":{"0":"post-118373","1":"post","2":"type-post","3":"status-publish","4":"format-standard","5":"has-post-thumbnail","7":"category-saude","8":"tag-estado-de-sao-paulo","9":"tag-governo-de-sao-paulo","10":"tag-health","11":"tag-portugal","12":"tag-pt","13":"tag-saude","14":"tag-sp-gov-br"},"share_on_mastodon":{"url":"https:\/\/pubeurope.com\/@pt\/115405082053246175","error":""},"_links":{"self":[{"href":"https:\/\/www.europesays.com\/pt\/wp-json\/wp\/v2\/posts\/118373","targetHints":{"allow":["GET"]}}],"collection":[{"href":"https:\/\/www.europesays.com\/pt\/wp-json\/wp\/v2\/posts"}],"about":[{"href":"https:\/\/www.europesays.com\/pt\/wp-json\/wp\/v2\/types\/post"}],"author":[{"embeddable":true,"href":"https:\/\/www.europesays.com\/pt\/wp-json\/wp\/v2\/users\/2"}],"replies":[{"embeddable":true,"href":"https:\/\/www.europesays.com\/pt\/wp-json\/wp\/v2\/comments?post=118373"}],"version-history":[{"count":0,"href":"https:\/\/www.europesays.com\/pt\/wp-json\/wp\/v2\/posts\/118373\/revisions"}],"wp:featuredmedia":[{"embeddable":true,"href":"https:\/\/www.europesays.com\/pt\/wp-json\/wp\/v2\/media\/118374"}],"wp:attachment":[{"href":"https:\/\/www.europesays.com\/pt\/wp-json\/wp\/v2\/media?parent=118373"}],"wp:term":[{"taxonomy":"category","embeddable":true,"href":"https:\/\/www.europesays.com\/pt\/wp-json\/wp\/v2\/categories?post=118373"},{"taxonomy":"post_tag","embeddable":true,"href":"https:\/\/www.europesays.com\/pt\/wp-json\/wp\/v2\/tags?post=118373"}],"curies":[{"name":"wp","href":"https:\/\/api.w.org\/{rel}","templated":true}]}}