{"id":118377,"date":"2025-10-20T06:30:10","date_gmt":"2025-10-20T06:30:10","guid":{"rendered":"https:\/\/www.europesays.com\/pt\/118377\/"},"modified":"2025-10-20T06:30:10","modified_gmt":"2025-10-20T06:30:10","slug":"a-nova-siri-da-apple-enfrenta-preocupacoes-internas","status":"publish","type":"post","link":"https:\/\/www.europesays.com\/pt\/118377\/","title":{"rendered":"a nova Siri da Apple enfrenta preocupa\u00e7\u00f5es internas"},"content":{"rendered":"<p>A Apple prepara o lan\u00e7amento do iOS 26.4 com uma Siri reformulada, mas engenheiros alertam para desafios no desempenho da assistente virtual.<\/p>\n<p><a target=\"_blank\" href=\"https:\/\/pplware.sapo.pt\/wp-content\/uploads\/2025\/10\/nova_siri_atrasada00.webp\" rel=\"nofollow noopener\"><img fetchpriority=\"high\" decoding=\"async\" src=\"https:\/\/www.europesays.com\/pt\/wp-content\/uploads\/2025\/10\/nova_siri_atrasada00-720x405.webp.webp\" alt=\"\" width=\"720\" height=\"405\" class=\"aligncenter size-medium wp-image-1084191\"  \/><\/a><\/p>\n<p>O iOS 26.4 est\u00e1 previsto para ser lan\u00e7ado na primavera de 2026, e dever\u00e1 trazer consigo uma vers\u00e3o reformulada da Siri, alimentada pela Apple Intelligence.<\/p>\n<p>Contudo, mais uma vez, h\u00e1 relatos que indicam que nem todos est\u00e3o satisfeitos com o desempenho da assistente virtual.<\/p>\n<p>Preocupa\u00e7\u00f5es Internas<\/p>\n<p>De acordo com o jornalista <a target=\"_blank\" href=\"https:\/\/x.com\/markgurman\" rel=\"nofollow\">Mark Gurman<\/a>, da Bloomberg, alguns engenheiros de software da Apple expressaram \u201cpreocupa\u00e7\u00f5es\u201d sobre o desempenho da nova Siri.<\/p>\n<p>Embora os detalhes espec\u00edficos sobre as falhas n\u00e3o tenham sido divulgados, a situa\u00e7\u00e3o sugere que a empresa ainda tem trabalho a fazer antes do lan\u00e7amento oficial.<\/p>\n<p>O <strong>iOS 26.4 est\u00e1 previsto para ser lan\u00e7ado entre mar\u00e7o e abril de 2026<\/strong>, dando \u00e0 Apple cerca de cinco a seis meses para resolver quaisquer problemas remanescentes com a assistente virtual.<\/p>\n<p>O que a nova Siri promete<\/p>\n<p>A nova vers\u00e3o da Siri foi inicialmente anunciada na WWDC 2024, com tr\u00eas principais capacidades:<\/p>\n<ul>\n<li><strong>Consci\u00eancia de ecr\u00e3<\/strong>: capacidade de entender o que est\u00e1 a ser mostrado no ecr\u00e3 do dispositivo.<\/li>\n<li><strong>Contexto pessoal<\/strong>: compreens\u00e3o do contexto pessoal do utilizador, como compromissos e prefer\u00eancias.<\/li>\n<li><strong>Controlos por aplica\u00e7\u00e3o<\/strong>: intera\u00e7\u00e3o mais profunda com aplica\u00e7\u00f5es, permitindo a\u00e7\u00f5es espec\u00edficas dentro delas.<\/li>\n<\/ul>\n<p>Por exemplo, um utilizador poderia perguntar \u00e0 Siri sobre os planos de voo e reserva de almo\u00e7o da sua m\u00e3e, com base em informa\u00e7\u00f5es das aplica\u00e7\u00f5es Mail e Mensagens.<\/p>\n<p><a target=\"_blank\" href=\"https:\/\/pplware.sapo.pt\/wp-content\/uploads\/2025\/09\/ios26_novidades00.jpg\" onclick=\"refreshIframe()\" class=\"foobox\" rel=\"nofollow noopener\"><img loading=\"lazy\" decoding=\"async\" src=\"https:\/\/www.europesays.com\/pt\/wp-content\/uploads\/2025\/09\/ios26_novidades00-720x405.jpg\" alt=\"\" width=\"720\" height=\"405\" class=\"aligncenter size-medium wp-image-1078946\"  \/><\/a><\/p>\n<p>Atrasos e expectativas<\/p>\n<p>A nova Siri estava inicialmente prevista para ser lan\u00e7ada com o <a target=\"_blank\" href=\"https:\/\/pplware.sapo.pt\/apple\/apple-adia-o-lancamento-da-siri-com-apple-intelligence-para-2026\/\" rel=\"nofollow noopener\">iOS 18.4 no ano passado<\/a>, mas foi adiada.<\/p>\n<p>Em julho, o CEO da Apple, Tim Cook, afirmou que a empresa estava fazendo \u201cbom progresso\u201d na personaliza\u00e7\u00e3o da Siri e que os <strong>recursos estavam programados para serem lan\u00e7ados no pr\u00f3ximo ano<\/strong>. No entanto, se os problemas persistirem, at\u00e9 mesmo o lan\u00e7amento do iOS 26.4 pode n\u00e3o ser garantido.<\/p>\n<p>O que esperar<\/p>\n<p>Com o lan\u00e7amento do iOS 26.4 previsto para daqui a v\u00e1rios meses, \u00e9 prov\u00e1vel que a Apple tenha tempo suficiente para resolver as quest\u00f5es atuais. No entanto, a situa\u00e7\u00e3o atual levanta quest\u00f5es sobre a capacidade da empresa de entregar a experi\u00eancia prometida aos utilizadores.<\/p>\n<p>A comunidade aguarda ansiosamente por mais atualiza\u00e7\u00f5es e esclarecimentos sobre o futuro da Siri.<\/p>\n<p>\u00a0<\/p>\n<p>Leia tamb\u00e9m:<\/p>\n","protected":false},"excerpt":{"rendered":"A Apple prepara o lan\u00e7amento do iOS 26.4 com uma Siri reformulada, mas engenheiros alertam para desafios no&hellip;\n","protected":false},"author":2,"featured_media":118378,"comment_status":"","ping_status":"","sticky":false,"template":"","format":"standard","meta":{"footnotes":""},"categories":[84],"tags":[22559,109,107,108,27595,32,33,105,103,104,5830,106,110],"class_list":{"0":"post-118377","1":"post","2":"type-post","3":"status-publish","4":"format-standard","5":"has-post-thumbnail","7":"category-ciencia-e-tecnologia","8":"tag-apple-intelligence","9":"tag-ciencia","10":"tag-ciencia-e-tecnologia","11":"tag-cienciaetecnologia","12":"tag-ios-26-4","13":"tag-portugal","14":"tag-pt","15":"tag-science","16":"tag-science-and-technology","17":"tag-scienceandtechnology","18":"tag-siri","19":"tag-technology","20":"tag-tecnologia"},"share_on_mastodon":{"url":"https:\/\/pubeurope.com\/@pt\/115405089995218060","error":""},"_links":{"self":[{"href":"https:\/\/www.europesays.com\/pt\/wp-json\/wp\/v2\/posts\/118377","targetHints":{"allow":["GET"]}}],"collection":[{"href":"https:\/\/www.europesays.com\/pt\/wp-json\/wp\/v2\/posts"}],"about":[{"href":"https:\/\/www.europesays.com\/pt\/wp-json\/wp\/v2\/types\/post"}],"author":[{"embeddable":true,"href":"https:\/\/www.europesays.com\/pt\/wp-json\/wp\/v2\/users\/2"}],"replies":[{"embeddable":true,"href":"https:\/\/www.europesays.com\/pt\/wp-json\/wp\/v2\/comments?post=118377"}],"version-history":[{"count":0,"href":"https:\/\/www.europesays.com\/pt\/wp-json\/wp\/v2\/posts\/118377\/revisions"}],"wp:featuredmedia":[{"embeddable":true,"href":"https:\/\/www.europesays.com\/pt\/wp-json\/wp\/v2\/media\/118378"}],"wp:attachment":[{"href":"https:\/\/www.europesays.com\/pt\/wp-json\/wp\/v2\/media?parent=118377"}],"wp:term":[{"taxonomy":"category","embeddable":true,"href":"https:\/\/www.europesays.com\/pt\/wp-json\/wp\/v2\/categories?post=118377"},{"taxonomy":"post_tag","embeddable":true,"href":"https:\/\/www.europesays.com\/pt\/wp-json\/wp\/v2\/tags?post=118377"}],"curies":[{"name":"wp","href":"https:\/\/api.w.org\/{rel}","templated":true}]}}