{"id":118379,"date":"2025-10-20T06:33:28","date_gmt":"2025-10-20T06:33:28","guid":{"rendered":"https:\/\/www.europesays.com\/pt\/118379\/"},"modified":"2025-10-20T06:33:28","modified_gmt":"2025-10-20T06:33:28","slug":"excesso-de-veiculos-causa-constrangimentos-na-ponta-do-rosto-canical-com-autocarro-bloqueado","status":"publish","type":"post","link":"https:\/\/www.europesays.com\/pt\/118379\/","title":{"rendered":"Excesso de ve\u00edculos causa constrangimentos na Ponta do Rosto, Cani\u00e7al, com autocarro bloqueado"},"content":{"rendered":"\n<p class=\"p_0\">Esta manh\u00e3 de domingo foi de constrangimentos na circula\u00e7\u00e3o autom\u00f3vel na Ponta de S\u00e3o Louren\u00e7o, no Cani\u00e7al. Um autocarro com turistas chegou a ficar bloqueado na Ponta do Rosto, um lugar onde os turistas frequentam com muita frequ\u00eancia.<\/p>\n<p class=\"p_1\">Foi necess\u00e1ria a interven\u00e7\u00e3o da Pol\u00edcia.<\/p>\n<p class=\"p_2\">Segundo apurou o Jornal, nos \u00faltimos tempos as excurs\u00f5es de turistas t\u00eam sentido muita dificuldade em visitar aquele local devido ao estacionamento irregular dos ve\u00edculos ligeiros, principalmente de rent-a-car de turistas que tamb\u00e9m procuram aquele espa\u00e7o.<\/p>\n","protected":false},"excerpt":{"rendered":"Esta manh\u00e3 de domingo foi de constrangimentos na circula\u00e7\u00e3o autom\u00f3vel na Ponta de S\u00e3o Louren\u00e7o, no Cani\u00e7al. Um&hellip;\n","protected":false},"author":2,"featured_media":118380,"comment_status":"","ping_status":"","sticky":false,"template":"","format":"standard","meta":{"footnotes":""},"categories":[10],"tags":[27,28,15,16,14,25,26,21,22,12,13,19,20,32,23,24,33,17,18,29,30,31],"class_list":{"0":"post-118379","1":"post","2":"type-post","3":"status-publish","4":"format-standard","5":"has-post-thumbnail","7":"category-portugal","8":"tag-breaking-news","9":"tag-breakingnews","10":"tag-featured-news","11":"tag-featurednews","12":"tag-headlines","13":"tag-latest-news","14":"tag-latestnews","15":"tag-main-news","16":"tag-mainnews","17":"tag-news","18":"tag-noticias","19":"tag-noticias-principais","20":"tag-noticiasprincipais","21":"tag-portugal","22":"tag-principais-noticias","23":"tag-principaisnoticias","24":"tag-pt","25":"tag-top-stories","26":"tag-topstories","27":"tag-ultimas","28":"tag-ultimas-noticias","29":"tag-ultimasnoticias"},"share_on_mastodon":{"url":"https:\/\/pubeurope.com\/@pt\/115405101615376983","error":""},"_links":{"self":[{"href":"https:\/\/www.europesays.com\/pt\/wp-json\/wp\/v2\/posts\/118379","targetHints":{"allow":["GET"]}}],"collection":[{"href":"https:\/\/www.europesays.com\/pt\/wp-json\/wp\/v2\/posts"}],"about":[{"href":"https:\/\/www.europesays.com\/pt\/wp-json\/wp\/v2\/types\/post"}],"author":[{"embeddable":true,"href":"https:\/\/www.europesays.com\/pt\/wp-json\/wp\/v2\/users\/2"}],"replies":[{"embeddable":true,"href":"https:\/\/www.europesays.com\/pt\/wp-json\/wp\/v2\/comments?post=118379"}],"version-history":[{"count":0,"href":"https:\/\/www.europesays.com\/pt\/wp-json\/wp\/v2\/posts\/118379\/revisions"}],"wp:featuredmedia":[{"embeddable":true,"href":"https:\/\/www.europesays.com\/pt\/wp-json\/wp\/v2\/media\/118380"}],"wp:attachment":[{"href":"https:\/\/www.europesays.com\/pt\/wp-json\/wp\/v2\/media?parent=118379"}],"wp:term":[{"taxonomy":"category","embeddable":true,"href":"https:\/\/www.europesays.com\/pt\/wp-json\/wp\/v2\/categories?post=118379"},{"taxonomy":"post_tag","embeddable":true,"href":"https:\/\/www.europesays.com\/pt\/wp-json\/wp\/v2\/tags?post=118379"}],"curies":[{"name":"wp","href":"https:\/\/api.w.org\/{rel}","templated":true}]}}