{"id":118383,"date":"2025-10-20T06:38:24","date_gmt":"2025-10-20T06:38:24","guid":{"rendered":"https:\/\/www.europesays.com\/pt\/118383\/"},"modified":"2025-10-20T06:38:24","modified_gmt":"2025-10-20T06:38:24","slug":"sorridente-diogo-bordin-surge-ao-lado-de-mulher-famosa-e-declara-se-uma-pessoa-incrivel-big-brother","status":"publish","type":"post","link":"https:\/\/www.europesays.com\/pt\/118383\/","title":{"rendered":"Sorridente, Diogo Bordin surge ao lado de mulher famosa e declara-se: \u00abUma pessoa incr\u00edvel\u00bb &#8211; Big Brother"},"content":{"rendered":"<p><strong>Diogo Bordin ficou conhecido pela sua participa\u00e7\u00e3o no Big Brother 2025<\/strong> e <a href=\"https:\/\/tvi.iol.pt\/secretstory\/carolina-braga\/diogo-bordin\/atormentada-pelo-passado-carolina-braga-recebe-ataque-que-envolve-o-ex-diogo-bordin\" rel=\"nofollow noopener\" target=\"_blank\">pela hist\u00f3ria de amor que viveu ao lado de<\/a><strong><a href=\"https:\/\/tvi.iol.pt\/secretstory\/carolina-braga\/diogo-bordin\/atormentada-pelo-passado-carolina-braga-recebe-ataque-que-envolve-o-ex-diogo-bordin\" rel=\"nofollow noopener\" target=\"_blank\"> Carolina<\/a> Braga<\/strong>. Os dois decidiram seguir caminhos diferentes c\u00e1 fora, mas o modelo brasileiro continua em Portugal, e at\u00e9 j\u00e1 conheceu algumas figuras p\u00fablicas do pa\u00eds.<\/p>\n<p>Recentemente, <a href=\"https:\/\/tvi.iol.pt\/secretstory\/fotos\/o-antes-e-depois-da-entrada-de-diogo-bordin-na-casa-do-big-brother-em-imagens\/68ad9667d34ef72ee449cdb2\" rel=\"nofollow noopener\" target=\"_blank\">Diogo Bordin surgiu numa fotografia ao lado da cantora <strong>\u00c1gata,<\/strong><\/a> que \u00e9 um \u00edcone da m\u00fasica popular portuguesa. <strong>\u00abUm jantar simp\u00e1tico com gente bonita\u00bb,<\/strong> escreveu a cantora, na legenda desse mesmo retrato. O ex-concorrente do Big Brother tamb\u00e9m n\u00e3o ficou indiferente: <strong>\u00abFoi um prazer conhecer a voz que ouvi tantas vezes nesse \u00faltimos meses! Uma pessoa incr\u00edvel!\u00bb<\/strong><\/p>\n<p><strong>Veja aqui o registo:<\/strong><\/p>\n<p style=\"text-align:center\"><img loading=\"lazy\" decoding=\"async\" alt=\"\" height=\"667\" src=\"https:\/\/www.europesays.com\/pt\/wp-content\/uploads\/2025\/10\/68f3bf58d34ee0c2fed167f8.webp\" width=\"666\"\/><\/p>\n<p><strong>Esta n\u00e3o \u00e9 a primeira vez que Diogo Bordin e \u00c1gata se encontram.<\/strong> Os dois j\u00e1 jantaram na companhia de Cl\u00e1udia Jacques e Ant\u00f3nio Leal e Silva.<strong> Veja aqui a foto:<\/strong><\/p>\n<blockquote class=\"instagram-media\" data-instgrm-captioned=\"\" data-instgrm-permalink=\"https:\/\/www.instagram.com\/p\/DPOYzJoCO-I\/?utm_source=ig_embed&amp;utm_campaign=loading\" data-instgrm-version=\"14\" style=\" background:#FFF; border:0; border-radius:3px; box-shadow:0 0 1px 0 rgba(0,0,0,0.5),0 1px 10px 0 rgba(0,0,0,0.15); margin: 1px; max-width:540px; min-width:326px; padding:0; width:99.375%; width:-webkit-calc(100% - 2px); width:calc(100% - 2px);\">\n<\/blockquote>\n<p>                        <script async src=\"\/\/www.instagram.com\/embed.js\"><\/script><\/p>\n","protected":false},"excerpt":{"rendered":"Diogo Bordin ficou conhecido pela sua participa\u00e7\u00e3o no Big Brother 2025 e pela hist\u00f3ria de amor que viveu&hellip;\n","protected":false},"author":2,"featured_media":116430,"comment_status":"","ping_status":"","sticky":false,"template":"","format":"standard","meta":{"footnotes":""},"categories":[142],"tags":[331,48,2072,329,333,328,335,6989,336,114,115,334,332,980,330,13,32,33,151,162,227],"class_list":{"0":"post-118383","1":"post","2":"type-post","3":"status-publish","4":"format-standard","5":"has-post-thumbnail","7":"category-tv","8":"tag-big","9":"tag-big-brother","10":"tag-carolina-braga","11":"tag-claudio-ramos","12":"tag-comentadores","13":"tag-concorrentes","14":"tag-confrontos","15":"tag-diogo-bordin","16":"tag-discussoes","17":"tag-entertainment","18":"tag-entretenimento","19":"tag-exclusivos","20":"tag-expulso","21":"tag-famosos","22":"tag-gala","23":"tag-noticias","24":"tag-portugal","25":"tag-pt","26":"tag-tv","27":"tag-tvi","28":"tag-videos"},"share_on_mastodon":{"url":"https:\/\/pubeurope.com\/@pt\/115405121361948018","error":""},"_links":{"self":[{"href":"https:\/\/www.europesays.com\/pt\/wp-json\/wp\/v2\/posts\/118383","targetHints":{"allow":["GET"]}}],"collection":[{"href":"https:\/\/www.europesays.com\/pt\/wp-json\/wp\/v2\/posts"}],"about":[{"href":"https:\/\/www.europesays.com\/pt\/wp-json\/wp\/v2\/types\/post"}],"author":[{"embeddable":true,"href":"https:\/\/www.europesays.com\/pt\/wp-json\/wp\/v2\/users\/2"}],"replies":[{"embeddable":true,"href":"https:\/\/www.europesays.com\/pt\/wp-json\/wp\/v2\/comments?post=118383"}],"version-history":[{"count":0,"href":"https:\/\/www.europesays.com\/pt\/wp-json\/wp\/v2\/posts\/118383\/revisions"}],"wp:featuredmedia":[{"embeddable":true,"href":"https:\/\/www.europesays.com\/pt\/wp-json\/wp\/v2\/media\/116430"}],"wp:attachment":[{"href":"https:\/\/www.europesays.com\/pt\/wp-json\/wp\/v2\/media?parent=118383"}],"wp:term":[{"taxonomy":"category","embeddable":true,"href":"https:\/\/www.europesays.com\/pt\/wp-json\/wp\/v2\/categories?post=118383"},{"taxonomy":"post_tag","embeddable":true,"href":"https:\/\/www.europesays.com\/pt\/wp-json\/wp\/v2\/tags?post=118383"}],"curies":[{"name":"wp","href":"https:\/\/api.w.org\/{rel}","templated":true}]}}