{"id":118388,"date":"2025-10-20T06:47:27","date_gmt":"2025-10-20T06:47:27","guid":{"rendered":"https:\/\/www.europesays.com\/pt\/118388\/"},"modified":"2025-10-20T06:47:27","modified_gmt":"2025-10-20T06:47:27","slug":"abordagem-humanista-e-nao-perseguicao-a-imigrantes","status":"publish","type":"post","link":"https:\/\/www.europesays.com\/pt\/118388\/","title":{"rendered":"Abordagem Humanista e N\u00e3o Persegui\u00e7\u00e3o a Imigrantes"},"content":{"rendered":"\n<p>No entanto, afirmou, que pode haver alguma tens\u00e3o quando um estrangeiro tenta entrar em Portugal e \u00e9 intersetado no aeroporto porque n\u00e3o re\u00fane as condi\u00e7\u00f5es para entrar no pa\u00eds.<\/p>\n<p>\u201cNecessariamente existe aqui essa tens\u00e3o. Portanto, n\u00e3o \u00e9 uma quest\u00e3o de termos comportamentos humanistas, ali\u00e1s, os espa\u00e7os que existem nos aeroportos nacionais e tamb\u00e9m a n\u00edvel da unidade habitacional [no Porto], \u00e9 a \u00e1rea da PSP mais fiscalizada, seja pelas entidades nacionais, seja tamb\u00e9m pelos mecanismos internos, seja tamb\u00e9m por organiza\u00e7\u00f5es internacionais, portanto, \u00e9 a \u00e1rea da PSP neste momento mais auditada\u201d, disse.<\/p>\n<p>O respons\u00e1vel frisou que a aposta nesta mat\u00e9ria \u201c\u00e9 sempre transparente e profissional\u201d, tentando \u201cquebrar o mito\u201d sobre aquilo que foi dito em alguma imprensa de que se aconselhava os imigrantes a terem medo da Unidade Nacional de Estrangeiros e Fronteiras.<\/p>\n<p><strong>Rejeitando a ideia de \u201cca\u00e7a ao imigrante ilegal\u201d, Jo\u00e3o Ribeiro avan\u00e7ou que a abordagem da PSP \u00e9 feita de acordo com \u201cos fatores de risco\u201d.<\/strong><\/p>\n<p>\u201cSabemos onde est\u00e3o os fatores de risco, conseguimos identificar onde est\u00e3o as pessoas. Aqui acaba por ser uma vis\u00e3o sist\u00e9mica. Eu n\u00e3o posso ir agora buscar mil pessoas que est\u00e3o em situa\u00e7\u00e3o irregular se n\u00e3o tenho capacidade de alojamento de emerg\u00eancia para essas pessoas. O que fazemos \u00e9 uma abordagem de acordo com as matrizes de risco que n\u00f3s temos e que seguimos\u201d, frisou.<\/p>\n<p>O diretor nacional-adjunto da PSP insistiu que \u201cn\u00e3o \u00e9 um fator de ter medo\u201d, mas notou: \u201cClaro que se eu estiver numa situa\u00e7\u00e3o irregular e entrei irregularmente em territ\u00f3rio nacional e eventualmente estou a praticar atos que constituem crimes, sim, essa pessoa tem que ter medo\u201d.<\/p>\n<p>O respons\u00e1vel pela <strong>UNEF reconheceu tamb\u00e9m que a PSP aumentou as opera\u00e7\u00f5es de fiscaliza\u00e7\u00e3o em determinadas zonas frequentadas por imigrantes, nomeadamente em Lisboa.<\/strong><\/p>\n<p>\u201cSim, h\u00e1 opera\u00e7\u00f5es dirigidas. N\u00f3s fazemos opera\u00e7\u00f5es de controle m\u00f3vel de fronteira, s\u00e3o opera\u00e7\u00f5es muito dirigidas, ou seja, temos a clara no\u00e7\u00e3o dos riscos, dos potenciais riscos ou amea\u00e7as que est\u00e3o presentes ali naquele \u00e2mbito e temos essa abordagem no sentido de aumentar as fiscaliza\u00e7\u00f5es\u201d, disse.<\/p>\n<p>O \u201cgrande objetivo\u201d \u00e9 conseguir que Portugal seja um pa\u00eds seguro e reconhecido como destino de oportunidade para os imigrantes, mas ao mesmo tempo \u00e9 necess\u00e1rio \u201ccombater de forma eficaz e eficiente tudo aquilo que representa situa\u00e7\u00f5es de elevado risco\u201d.<\/p>\n<p>Jo\u00e3o Ribeiro considerou que \u201cn\u00e3o \u00e9 aceit\u00e1vel que haja rotas migrat\u00f3rias a explorar Portugal como um local onde podem entrar pessoas em situa\u00e7\u00e3o irregular\u201d.<\/p>\n<p><strong>\u201cPortugal representa um risco para toda a Europa em termos nacionais de migra\u00e7\u00e3o irregular<\/strong>, portanto isso \u00e9 algo que n\u00f3s temos como objetivo priorit\u00e1rio, mas ao mesmo tempo temos esta abordagem sist\u00e9mica e estruturada\u201d, disse.<\/p>\n<p>Nesse sentido, destacou a cria\u00e7\u00e3o da UNEF para contribuir \u201cpara a seguran\u00e7a interna, para que Portugal seja um pa\u00eds seguro, mas tamb\u00e9m para que haja uma migra\u00e7\u00e3o regulada\u201d.<\/p>\n<p>\u201cAt\u00e9 porque, nitidamente, olhando para aquilo que s\u00e3o as sondagens da popula\u00e7\u00e3o portuguesa, sem sombra de d\u00favida, o envelhecimento da Europa s\u00f3 \u00e9 combatido ou com o crescimento natural ou permitindo que haja a migra\u00e7\u00e3o regulada e que possam contribuir para o sucesso de cada um dos pa\u00edses\u201d, disse ainda.<\/p>\n<p>C\u00e9lia Paulo, jornalista da Lusa<\/p>\n","protected":false},"excerpt":{"rendered":"No entanto, afirmou, que pode haver alguma tens\u00e3o quando um estrangeiro tenta entrar em Portugal e \u00e9 intersetado&hellip;\n","protected":false},"author":2,"featured_media":118389,"comment_status":"","ping_status":"","sticky":false,"template":"","format":"standard","meta":{"footnotes":""},"categories":[10],"tags":[27,28,15,16,14,1481,25,26,21,22,12,13,19,20,32,23,24,1306,33,27596,17,18,29,30,31],"class_list":{"0":"post-118388","1":"post","2":"type-post","3":"status-publish","4":"format-standard","5":"has-post-thumbnail","7":"category-portugal","8":"tag-breaking-news","9":"tag-breakingnews","10":"tag-featured-news","11":"tag-featurednews","12":"tag-headlines","13":"tag-imigracao","14":"tag-latest-news","15":"tag-latestnews","16":"tag-main-news","17":"tag-mainnews","18":"tag-news","19":"tag-noticias","20":"tag-noticias-principais","21":"tag-noticiasprincipais","22":"tag-portugal","23":"tag-principais-noticias","24":"tag-principaisnoticias","25":"tag-psp","26":"tag-pt","27":"tag-responsavel-da-unidade-nacional-de-estrangeiros-e-fronteiras","28":"tag-top-stories","29":"tag-topstories","30":"tag-ultimas","31":"tag-ultimas-noticias","32":"tag-ultimasnoticias"},"share_on_mastodon":{"url":"https:\/\/pubeurope.com\/@pt\/115405156700050214","error":""},"_links":{"self":[{"href":"https:\/\/www.europesays.com\/pt\/wp-json\/wp\/v2\/posts\/118388","targetHints":{"allow":["GET"]}}],"collection":[{"href":"https:\/\/www.europesays.com\/pt\/wp-json\/wp\/v2\/posts"}],"about":[{"href":"https:\/\/www.europesays.com\/pt\/wp-json\/wp\/v2\/types\/post"}],"author":[{"embeddable":true,"href":"https:\/\/www.europesays.com\/pt\/wp-json\/wp\/v2\/users\/2"}],"replies":[{"embeddable":true,"href":"https:\/\/www.europesays.com\/pt\/wp-json\/wp\/v2\/comments?post=118388"}],"version-history":[{"count":0,"href":"https:\/\/www.europesays.com\/pt\/wp-json\/wp\/v2\/posts\/118388\/revisions"}],"wp:featuredmedia":[{"embeddable":true,"href":"https:\/\/www.europesays.com\/pt\/wp-json\/wp\/v2\/media\/118389"}],"wp:attachment":[{"href":"https:\/\/www.europesays.com\/pt\/wp-json\/wp\/v2\/media?parent=118388"}],"wp:term":[{"taxonomy":"category","embeddable":true,"href":"https:\/\/www.europesays.com\/pt\/wp-json\/wp\/v2\/categories?post=118388"},{"taxonomy":"post_tag","embeddable":true,"href":"https:\/\/www.europesays.com\/pt\/wp-json\/wp\/v2\/tags?post=118388"}],"curies":[{"name":"wp","href":"https:\/\/api.w.org\/{rel}","templated":true}]}}