{"id":118396,"date":"2025-10-20T07:02:11","date_gmt":"2025-10-20T07:02:11","guid":{"rendered":"https:\/\/www.europesays.com\/pt\/118396\/"},"modified":"2025-10-20T07:02:11","modified_gmt":"2025-10-20T07:02:11","slug":"empresaria-acusada-de-raptar-intermediario-financeiro-em-negocio-de-tres-milhoes","status":"publish","type":"post","link":"https:\/\/www.europesays.com\/pt\/118396\/","title":{"rendered":"Empres\u00e1ria acusada de raptar intermedi\u00e1rio\u00a0financeiro em neg\u00f3cio de tr\u00eas milh\u00f5es"},"content":{"rendered":"<p>De acordo com acusa\u00e7\u00e3o, a arguida recorreu \u00e0 v\u00edtima para obter uma garantia banc\u00e1ria de tr\u00eas milh\u00f5es de euros. Tudo come\u00e7ou no final de 2022, quando o ofendido foi contactado pelo c\u00famplice da empres\u00e1ria, que pretendia os servi\u00e7os do intermedi\u00e1rio para garantir o cr\u00e9dito, destinado \u00e0 constru\u00e7\u00e3o de pavilh\u00f5es. Em fevereiro de 2023, recebeu 20 mil euros para despesas e honor\u00e1rios.<\/p>\n<p data-remotead-prev-elm=\"true\" data-remotead-elm-id=\"inread\">Os problemas come\u00e7aram quando a v\u00edtima n\u00e3o conseguiu obter a garantia e a arguida a amea\u00e7ou exigindo o pagamento dos &#8220;tr\u00eas milh\u00f5es, a bem ou a mal&#8221;. Num encontro, num hotel em S. Jo\u00e3o da Madeira, a empres\u00e1ria fez-se acompanhar de dois seguran\u00e7as e ter\u00e1 amea\u00e7ado o intermedi\u00e1rio. Dias depois, o ofendido recebeu um telefonema de algu\u00e9m que se identificou como o &#8220;pai&#8221; da arguida e o amea\u00e7ou. Chegou a intimidar o intermedi\u00e1rio, alegando que n\u00e3o valia a pena queixar-se \u00e0 Pol\u00edcia Judici\u00e1ria, porque ele tinha l\u00e1 bons contactos.<\/p>\n<p>Acesso exclusivo a assinantes<\/p>\n<p>Acesso ilimitado a conte\u00fados exclusivos<\/p>\n<p>Navega\u00e7\u00e3o sem publicidade intrusiva<\/p>\n<p>Vers\u00e3o digital do jornal, suplementos e revistas<\/p>\n","protected":false},"excerpt":{"rendered":"De acordo com acusa\u00e7\u00e3o, a arguida recorreu \u00e0 v\u00edtima para obter uma garantia banc\u00e1ria de tr\u00eas milh\u00f5es de&hellip;\n","protected":false},"author":2,"featured_media":118397,"comment_status":"","ping_status":"","sticky":false,"template":"","format":"standard","meta":{"footnotes":""},"categories":[10],"tags":[27,28,2395,15,16,14,603,25,26,21,22,12,13,19,20,32,23,24,33,12254,22037,17,18,29,30,31,27597],"class_list":{"0":"post-118396","1":"post","2":"type-post","3":"status-publish","4":"format-standard","5":"has-post-thumbnail","7":"category-portugal","8":"tag-breaking-news","9":"tag-breakingnews","10":"tag-credito","11":"tag-featured-news","12":"tag-featurednews","13":"tag-headlines","14":"tag-justica","15":"tag-latest-news","16":"tag-latestnews","17":"tag-main-news","18":"tag-mainnews","19":"tag-news","20":"tag-noticias","21":"tag-noticias-principais","22":"tag-noticiasprincipais","23":"tag-portugal","24":"tag-principais-noticias","25":"tag-principaisnoticias","26":"tag-pt","27":"tag-rapto","28":"tag-santa-maria-da-feira","29":"tag-top-stories","30":"tag-topstories","31":"tag-ultimas","32":"tag-ultimas-noticias","33":"tag-ultimasnoticias","34":"tag-vale-de-cambra"},"share_on_mastodon":{"url":"https:\/\/pubeurope.com\/@pt\/115405215748050233","error":""},"_links":{"self":[{"href":"https:\/\/www.europesays.com\/pt\/wp-json\/wp\/v2\/posts\/118396","targetHints":{"allow":["GET"]}}],"collection":[{"href":"https:\/\/www.europesays.com\/pt\/wp-json\/wp\/v2\/posts"}],"about":[{"href":"https:\/\/www.europesays.com\/pt\/wp-json\/wp\/v2\/types\/post"}],"author":[{"embeddable":true,"href":"https:\/\/www.europesays.com\/pt\/wp-json\/wp\/v2\/users\/2"}],"replies":[{"embeddable":true,"href":"https:\/\/www.europesays.com\/pt\/wp-json\/wp\/v2\/comments?post=118396"}],"version-history":[{"count":0,"href":"https:\/\/www.europesays.com\/pt\/wp-json\/wp\/v2\/posts\/118396\/revisions"}],"wp:featuredmedia":[{"embeddable":true,"href":"https:\/\/www.europesays.com\/pt\/wp-json\/wp\/v2\/media\/118397"}],"wp:attachment":[{"href":"https:\/\/www.europesays.com\/pt\/wp-json\/wp\/v2\/media?parent=118396"}],"wp:term":[{"taxonomy":"category","embeddable":true,"href":"https:\/\/www.europesays.com\/pt\/wp-json\/wp\/v2\/categories?post=118396"},{"taxonomy":"post_tag","embeddable":true,"href":"https:\/\/www.europesays.com\/pt\/wp-json\/wp\/v2\/tags?post=118396"}],"curies":[{"name":"wp","href":"https:\/\/api.w.org\/{rel}","templated":true}]}}