{"id":118398,"date":"2025-10-20T07:03:08","date_gmt":"2025-10-20T07:03:08","guid":{"rendered":"https:\/\/www.europesays.com\/pt\/118398\/"},"modified":"2025-10-20T07:03:08","modified_gmt":"2025-10-20T07:03:08","slug":"a-reacao-de-messi-apos-argentina-perder-mundial-de-sub-20","status":"publish","type":"post","link":"https:\/\/www.europesays.com\/pt\/118398\/","title":{"rendered":"A rea\u00e7\u00e3o de Messi ap\u00f3s Argentina perder Mundial de Sub-20"},"content":{"rendered":"<p style=\"text-align: justify\">Lionel <a target=\"_blank\" class=\"editor-link autolink-enabled\" href=\"https:\/\/www.abola.pt\/futebol\/jogador\/messi-3399\" data-resource-id=\"3399\" data-resource-type=\"player\" data-sport=\"football\" rel=\"nofollow noopener\">Messi<\/a> deixou uma mensagem nas redes sociais a saudar a Argentina, derrotada na final do Mundial de Sub-20 por Marrocos, que se sagrou campe\u00e3o do mundo da categoria.<\/p>\n<p style=\"text-align: justify\">\u00abCabe\u00e7a levantada, rapazes!!! Fizeram um torneio impressionante e embora todos quis\u00e9ssemos ver-vos a levantar a ta\u00e7a ficamos com a alegria por tudo o que nos deram e o orgulho por ver como defenderam a albiceleste com o cora\u00e7\u00e3o\u00bb, escreveu nas stories do Instagram.<\/p>\n","protected":false},"excerpt":{"rendered":"Lionel Messi deixou uma mensagem nas redes sociais a saudar a Argentina, derrotada na final do Mundial de&hellip;\n","protected":false},"author":2,"featured_media":118399,"comment_status":"","ping_status":"","sticky":false,"template":"","format":"standard","meta":{"footnotes":""},"categories":[8],"tags":[27,28,15,16,14,25,26,21,22,12,13,19,20,32,23,24,33,17,18,29,30,31],"class_list":{"0":"post-118398","1":"post","2":"type-post","3":"status-publish","4":"format-standard","5":"has-post-thumbnail","7":"category-principais-noticias","8":"tag-breaking-news","9":"tag-breakingnews","10":"tag-featured-news","11":"tag-featurednews","12":"tag-headlines","13":"tag-latest-news","14":"tag-latestnews","15":"tag-main-news","16":"tag-mainnews","17":"tag-news","18":"tag-noticias","19":"tag-noticias-principais","20":"tag-noticiasprincipais","21":"tag-portugal","22":"tag-principais-noticias","23":"tag-principaisnoticias","24":"tag-pt","25":"tag-top-stories","26":"tag-topstories","27":"tag-ultimas","28":"tag-ultimas-noticias","29":"tag-ultimasnoticias"},"share_on_mastodon":{"url":"https:\/\/pubeurope.com\/@pt\/115405219686393229","error":""},"_links":{"self":[{"href":"https:\/\/www.europesays.com\/pt\/wp-json\/wp\/v2\/posts\/118398","targetHints":{"allow":["GET"]}}],"collection":[{"href":"https:\/\/www.europesays.com\/pt\/wp-json\/wp\/v2\/posts"}],"about":[{"href":"https:\/\/www.europesays.com\/pt\/wp-json\/wp\/v2\/types\/post"}],"author":[{"embeddable":true,"href":"https:\/\/www.europesays.com\/pt\/wp-json\/wp\/v2\/users\/2"}],"replies":[{"embeddable":true,"href":"https:\/\/www.europesays.com\/pt\/wp-json\/wp\/v2\/comments?post=118398"}],"version-history":[{"count":0,"href":"https:\/\/www.europesays.com\/pt\/wp-json\/wp\/v2\/posts\/118398\/revisions"}],"wp:featuredmedia":[{"embeddable":true,"href":"https:\/\/www.europesays.com\/pt\/wp-json\/wp\/v2\/media\/118399"}],"wp:attachment":[{"href":"https:\/\/www.europesays.com\/pt\/wp-json\/wp\/v2\/media?parent=118398"}],"wp:term":[{"taxonomy":"category","embeddable":true,"href":"https:\/\/www.europesays.com\/pt\/wp-json\/wp\/v2\/categories?post=118398"},{"taxonomy":"post_tag","embeddable":true,"href":"https:\/\/www.europesays.com\/pt\/wp-json\/wp\/v2\/tags?post=118398"}],"curies":[{"name":"wp","href":"https:\/\/api.w.org\/{rel}","templated":true}]}}