{"id":118400,"date":"2025-10-20T07:04:06","date_gmt":"2025-10-20T07:04:06","guid":{"rendered":"https:\/\/www.europesays.com\/pt\/118400\/"},"modified":"2025-10-20T07:04:06","modified_gmt":"2025-10-20T07:04:06","slug":"gabriel-medina-e-isabella-arantes-anunciam-primeira-gravidez-celebridades","status":"publish","type":"post","link":"https:\/\/www.europesays.com\/pt\/118400\/","title":{"rendered":"Gabriel Medina e Isabella Arantes anunciam primeira gravidez | Celebridades"},"content":{"rendered":"<p>Gabriel Medina e Isabella Arantes anunciam primeira gravidezreprodu\u00e7\u00e3o Instagram<\/p>\n<p>Rio &#8211;\u00a0Gabriel Medina e Isabella Arantes esperam o primeiro filho. O casal confirmou a novidade neste domingo (19), com publica\u00e7\u00f5es nas redes sociais. O surfista publicou uma foto abra\u00e7ando a barriga da namorada, e depois compartilhou a imagem de um ultrassom que mostra um beb\u00ea sobre uma prancha de surfe.<\/p>\n<p>Para marcar o momento, Medina escolheu a m\u00fasica \u201cMother in You\u201d, de Justin Bieber, composta em homenagem ao filho do cantor, Jack Blues. A postagem rapidamente repercutiu entre amigos e f\u00e3s.<\/p>\n<p><strong>Amigos e famosos celebram a not\u00edcia<\/strong><\/p>\n<p>O surfista Paulo Moura foi um dos primeiros a reagir \u00e0 novidade. \u201cParab\u00e9ns, irm\u00e3o. Prestes a conhecer o amor mais puro que existe\u201d, escreveu. J\u00e1 Cintia Dicker brincou nos coment\u00e1rios: \u201cNamorado da Aurora vem a\u00ed?\u201d.<\/p>\n<p>As mensagens de carinho se multiplicaram ap\u00f3s o an\u00fancio, celebrando a nova fase do casal, que assumiu publicamente o relacionamento em agosto deste ano, ap\u00f3s rumores que surgiram em junho.<\/p>\n<p><strong>Isabella confirma gesta\u00e7\u00e3o e comenta surpresa com o an\u00fancio<\/strong><\/p>\n<p>Em um perfil privado destinado a mulheres, Isabella confirmou que est\u00e1 gr\u00e1vida. \u201cAmanh\u00e3 eu apare\u00e7o por aqui para conversar. Meu celular est\u00e1 travando. Mas \u00e9 isso, a partir de agora, conversas sobre coisas de beb\u00ea\/crian\u00e7a. Motivo por eu estar limpando o guarda-roupa tamb\u00e9m. A m\u00e3e t\u00e1 on\u201d, escreveu a influenciadora.<\/p>\n<p>A bailarina tamb\u00e9m contou que o surfista se adiantou no an\u00fancio: \u201cQuero matar ele que postou. Era pra esperar o ensaio\u201d, disse, em tom de brincadeira.<\/p>\n<p>Isabella, que integra o elenco do programa \u201cDomingo Legal\u201d, no SBT, revelou que j\u00e1 iniciou mudan\u00e7as em casa para receber o beb\u00ea. \u201cMotivos para eu tamb\u00e9m estar limpando o guarda-roupa. A m\u00e3e est\u00e1 on\u201d, refor\u00e7ou.<\/p>\n<p>Aos 28 anos, a dan\u00e7arina vive a primeira gesta\u00e7\u00e3o, enquanto Medina, de 31, celebra a nova fase pessoal com entusiasmo. O casal ainda n\u00e3o revelou o tempo de gravidez nem detalhes sobre o ensaio mencionado por Isabella.<\/p>\n","protected":false},"excerpt":{"rendered":"Gabriel Medina e Isabella Arantes anunciam primeira gravidezreprodu\u00e7\u00e3o Instagram Rio &#8211;\u00a0Gabriel Medina e Isabella Arantes esperam o primeiro&hellip;\n","protected":false},"author":2,"featured_media":118401,"comment_status":"","ping_status":"","sticky":false,"template":"","format":"standard","meta":{"footnotes":""},"categories":[145],"tags":[211,210,114,115,27572,1041,18139,32,33],"class_list":{"0":"post-118400","1":"post","2":"type-post","3":"status-publish","4":"format-standard","5":"has-post-thumbnail","7":"category-celebridades","8":"tag-celebridades","9":"tag-celebrities","10":"tag-entertainment","11":"tag-entretenimento","12":"tag-gabriel-medina","13":"tag-gravidez","14":"tag-isabella-arantes","15":"tag-portugal","16":"tag-pt"},"share_on_mastodon":{"url":"https:\/\/pubeurope.com\/@pt\/115405223596378368","error":""},"_links":{"self":[{"href":"https:\/\/www.europesays.com\/pt\/wp-json\/wp\/v2\/posts\/118400","targetHints":{"allow":["GET"]}}],"collection":[{"href":"https:\/\/www.europesays.com\/pt\/wp-json\/wp\/v2\/posts"}],"about":[{"href":"https:\/\/www.europesays.com\/pt\/wp-json\/wp\/v2\/types\/post"}],"author":[{"embeddable":true,"href":"https:\/\/www.europesays.com\/pt\/wp-json\/wp\/v2\/users\/2"}],"replies":[{"embeddable":true,"href":"https:\/\/www.europesays.com\/pt\/wp-json\/wp\/v2\/comments?post=118400"}],"version-history":[{"count":0,"href":"https:\/\/www.europesays.com\/pt\/wp-json\/wp\/v2\/posts\/118400\/revisions"}],"wp:featuredmedia":[{"embeddable":true,"href":"https:\/\/www.europesays.com\/pt\/wp-json\/wp\/v2\/media\/118401"}],"wp:attachment":[{"href":"https:\/\/www.europesays.com\/pt\/wp-json\/wp\/v2\/media?parent=118400"}],"wp:term":[{"taxonomy":"category","embeddable":true,"href":"https:\/\/www.europesays.com\/pt\/wp-json\/wp\/v2\/categories?post=118400"},{"taxonomy":"post_tag","embeddable":true,"href":"https:\/\/www.europesays.com\/pt\/wp-json\/wp\/v2\/tags?post=118400"}],"curies":[{"name":"wp","href":"https:\/\/api.w.org\/{rel}","templated":true}]}}