{"id":118406,"date":"2025-10-20T07:11:26","date_gmt":"2025-10-20T07:11:26","guid":{"rendered":"https:\/\/www.europesays.com\/pt\/118406\/"},"modified":"2025-10-20T07:11:26","modified_gmt":"2025-10-20T07:11:26","slug":"avc-mata-uma-pessoa-a-cada-seis-minutos-no-brasil-3","status":"publish","type":"post","link":"https:\/\/www.europesays.com\/pt\/118406\/","title":{"rendered":"AVC mata uma pessoa a cada seis minutos no Brasil"},"content":{"rendered":"<p class=\"texto\">O acidente vascular cerebral (AVC), popularmente conhecido como derrame, figura atualmente como uma das principais causas de morte e incapacidade f\u00edsica no mundo. <strong>Dados da consultoria especializada em gest\u00e3o de sa\u00fade e custos hospitalares Planisa indicam que, a cada 6,5 minutos, uma pessoa morre em raz\u00e3o do AVC no pa\u00eds.<\/strong><img decoding=\"async\" style=\"width: 1px; height: 1px; display: inline; float: left;\" src=\"https:\/\/www.europesays.com\/pt\/wp-content\/uploads\/2025\/10\/1760944285_920_ebc.png\"\/><img decoding=\"async\" style=\"width: 1px; height: 1px; display: inline; float: left;\" src=\"https:\/\/www.europesays.com\/pt\/wp-content\/uploads\/2025\/10\/1760944285_780_ebc.gif\"\/><\/p>\n<p class=\"texto\">Os n\u00fameros revelam ainda custos hospitalares relacionados ao tratamento do AVC no sistema de sa\u00fade brasileiro. Entre 2019 e setembro de 2024, foram contabilizadas 85.839 interna\u00e7\u00f5es, com perman\u00eancia m\u00e9dia de 7,9 dias por paciente, resultando em mais de 680 mil di\u00e1rias hospitalares.<\/p>\n<p class=\"texto\"><strong>Desse total de di\u00e1rias, 25% foram em unidades de terapia intensiva (UTI) e 75% em enfermarias<\/strong>. No per\u00edodo analisado, os gastos acumulados chegaram a R$ 910,3 milh\u00f5es, sendo R$ 417,9 milh\u00f5es em di\u00e1rias cr\u00edticas e R$ 492,4 milh\u00f5es em di\u00e1rias n\u00e3o cr\u00edticas. Apenas em 2024, at\u00e9 setembro, o montante j\u00e1 ultrapassava R$ 197 milh\u00f5es.<\/p>\n<p class=\"texto\">O levantamento mostra que, ao longo dos anos, houve crescimento constante dos custos, que praticamente dobraram entre 2019 e 2023, passando de R$ 92,3 milh\u00f5es para R$ 218,8 milh\u00f5es. O aumento acompanha a alta no n\u00famero de interna\u00e7\u00f5es por AVC, que saltou de 8.380 em 2019 para 21.061 em 2023.<\/p>\n<p class=\"texto\"><strong><a href=\"https:\/\/agenciabrasil.ebc.com.br\/saude\/noticia\/2023-10\/organizacao-mundial-do-avc-alerta-que-90-dos-derrames-sao-preveniveis\" target=\"_self\" rel=\"nofollow noopener\">&gt;&gt;Organiza\u00e7\u00e3o Mundial do AVC alerta que 90% dos derrames s\u00e3o preven\u00edveis<\/a><\/strong><\/p>\n<p>Entenda<\/p>\n<p class=\"texto\">De acordo com o Minist\u00e9rio da Sa\u00fade, o AVC acontece quando vasos que levam sangue ao c\u00e9rebro entopem ou se rompem, provocando a paralisia da \u00e1rea cerebral que ficou sem circula\u00e7\u00e3o sangu\u00ednea. <strong>O quadro acomete mais homens e, quanto mais r\u00e1pido for o diagn\u00f3stico e o tratamento, maiores as chances de recupera\u00e7\u00e3o.<\/strong><\/p>\n<p class=\"texto\">A pasta classifica como primordial estar atento a sinais e sintomas como confus\u00e3o mental; altera\u00e7\u00e3o da fala e da compreens\u00e3o; altera\u00e7\u00e3o na vis\u00e3o (em um ou em ambos os olhos); dor de cabe\u00e7a s\u00fabita, intensa e sem causa aparente; altera\u00e7\u00e3o do equil\u00edbrio, tontura ou altera\u00e7\u00e3o no andar; e fraqueza ou formigamento em um lado do corpo.<\/p>\n<p class=\"texto\">O diagn\u00f3stico do AVC \u00e9 feito por meio de exames de imagem que permitem identificar a \u00e1rea do c\u00e9rebro afetada e o tipo do derrame cerebral \u2013 isqu\u00eamico ou hemorr\u00e1gico. <strong>A tomografia computadorizada de cr\u00e2nio, segundo o minist\u00e9rio, \u00e9 o m\u00e9todo mais utilizado para a avalia\u00e7\u00e3o inicial, demonstrando sinais precoces de isquemia.<\/strong><\/p>\n<p class=\"texto\">Os fatores de risco listados pela pasta incluem hipertens\u00e3o; diabetes tipo 2; colesterol alto; sobrepeso; obesidade; tabagismo; uso excessivo de \u00e1lcool; idade avan\u00e7ada; sedentarismo; uso de drogas il\u00edcitas; e hist\u00f3rico familiar, al\u00e9m de ser do sexo masculino.<\/p>\n<p class=\"texto\">\u00a0<\/p>\n<p> <img decoding=\"async\" title=\"Arte\/EBC\" src=\"http:\/\/fivenews\/sites\/default\/files\/thumbnails\/image\/loading_v2.gif\" alt=\"Dia Mundial de Combate ao AVC\" data-echo=\"https:\/\/imagens.ebc.com.br\/Q3fXSXb8foX-WYa3RzrRWUKOowg=\/754x0\/smart\/https:\/\/agenciabrasil.ebc.com.br\/sites\/default\/files\/thumbnails\/image\/base_corpo_humano_jornalismo_0000327.jpg?itok=_ILQUv-u\"\/>  <\/p>\n","protected":false},"excerpt":{"rendered":"O acidente vascular cerebral (AVC), popularmente conhecido como derrame, figura atualmente como uma das principais causas de morte&hellip;\n","protected":false},"author":2,"featured_media":13827,"comment_status":"","ping_status":"","sticky":false,"template":"","format":"standard","meta":{"footnotes":""},"categories":[86],"tags":[27601,1493,27600,116,27599,32,33,117],"class_list":{"0":"post-118406","1":"post","2":"type-post","3":"status-publish","4":"format-standard","5":"has-post-thumbnail","7":"category-saude","8":"tag-acidente-vascular-cerebra","9":"tag-avc","10":"tag-gastos-com-avc","11":"tag-health","12":"tag-planisa","13":"tag-portugal","14":"tag-pt","15":"tag-saude"},"share_on_mastodon":{"url":"https:\/\/pubeurope.com\/@pt\/115405251301332004","error":""},"_links":{"self":[{"href":"https:\/\/www.europesays.com\/pt\/wp-json\/wp\/v2\/posts\/118406","targetHints":{"allow":["GET"]}}],"collection":[{"href":"https:\/\/www.europesays.com\/pt\/wp-json\/wp\/v2\/posts"}],"about":[{"href":"https:\/\/www.europesays.com\/pt\/wp-json\/wp\/v2\/types\/post"}],"author":[{"embeddable":true,"href":"https:\/\/www.europesays.com\/pt\/wp-json\/wp\/v2\/users\/2"}],"replies":[{"embeddable":true,"href":"https:\/\/www.europesays.com\/pt\/wp-json\/wp\/v2\/comments?post=118406"}],"version-history":[{"count":0,"href":"https:\/\/www.europesays.com\/pt\/wp-json\/wp\/v2\/posts\/118406\/revisions"}],"wp:featuredmedia":[{"embeddable":true,"href":"https:\/\/www.europesays.com\/pt\/wp-json\/wp\/v2\/media\/13827"}],"wp:attachment":[{"href":"https:\/\/www.europesays.com\/pt\/wp-json\/wp\/v2\/media?parent=118406"}],"wp:term":[{"taxonomy":"category","embeddable":true,"href":"https:\/\/www.europesays.com\/pt\/wp-json\/wp\/v2\/categories?post=118406"},{"taxonomy":"post_tag","embeddable":true,"href":"https:\/\/www.europesays.com\/pt\/wp-json\/wp\/v2\/tags?post=118406"}],"curies":[{"name":"wp","href":"https:\/\/api.w.org\/{rel}","templated":true}]}}