{"id":118407,"date":"2025-10-20T07:12:16","date_gmt":"2025-10-20T07:12:16","guid":{"rendered":"https:\/\/www.europesays.com\/pt\/118407\/"},"modified":"2025-10-20T07:12:16","modified_gmt":"2025-10-20T07:12:16","slug":"gnr-procura-irma-de-claudio-ramos","status":"publish","type":"post","link":"https:\/\/www.europesays.com\/pt\/118407\/","title":{"rendered":"GNR Procura Irm\u00e3 de Cl\u00e1udio Ramos"},"content":{"rendered":"<p>Iara Nascimento , irm\u00e3 do apresentador de televis\u00e3o Cl\u00e1udio Ramos que se encontrava desaparecida h\u00e1 uma semana, foi encontrada este domingo internada num hospital de Madrid, segundo avan\u00e7ou o<a aria-label=\"content\" target=\"_blank\" href=\"https:\/\/www.cmjornal.pt\/vidas\/ultimas\/detalhe\/irma-de-claudio-ramos-deixou-o-telemovel-e-a-carteira-em-casa-quando-saiu-familia-descarta-hipotese-de-suicidio\" rel=\"nofollow noopener\"> Correio da Manh\u00e3<\/a>.<\/p>\n<p>J\u00e1 este domingo, a GNR confirmara \u00e0 ag\u00eancia Lusa estar a tentar localizar uma mulher, desaparecida h\u00e1 uma semana em Elvas, adiantando que desde sexta-feira, ap\u00f3s receber o alerta, foram efetuadas buscas no concelho.<\/p>\n<p>Fonte do Comando Territorial de Portalegre da GNR explicou que a mulher, de 47 anos, residente em Vila Boim, no concelho de Elvas, distrito de Portalegre, ter\u00e1 desaparecido no dia 12. .<\/p>\n<p>Depois de receber o alerta na sexta-feira, <strong>a GNR efetuou buscas em barragens pr\u00f3ximas daquela localidade, tendo tamb\u00e9m contactado a operadora telef\u00f3nica da qual a mulher \u00e9 cliente<\/strong>.<\/p>\n<p>A operadora comunicou que o equipamento n\u00e3o se registava na rede h\u00e1 v\u00e1rios dias e estava desligado, acrescentou a mesma fonte da GNR.<\/p>\n<p>Sem terem ainda obtido a localiza\u00e7\u00e3o da viatura pertencente \u00e0 mulher, <strong>a GNR tamb\u00e9m solicitou os registos de passagens nas autoestradas.<\/strong>.<\/p>\n<p>A Lusa contactou tamb\u00e9m o Comando Sub-Regional de Emerg\u00eancia e Prote\u00e7\u00e3o Civil do Alto Alentejo, mas a mesma entidade disse n\u00e3o possuir qualquer registo sobre este caso.<\/p>\n","protected":false},"excerpt":{"rendered":"Iara Nascimento , irm\u00e3 do apresentador de televis\u00e3o Cl\u00e1udio Ramos que se encontrava desaparecida h\u00e1 uma semana, foi&hellip;\n","protected":false},"author":2,"featured_media":118408,"comment_status":"","ping_status":"","sticky":false,"template":"","format":"standard","meta":{"footnotes":""},"categories":[85],"tags":[6031,3074,114,115,2002,32,33],"class_list":{"0":"post-118407","1":"post","2":"type-post","3":"status-publish","4":"format-standard","5":"has-post-thumbnail","7":"category-entretenimento","8":"tag-buscas","9":"tag-elvas","10":"tag-entertainment","11":"tag-entretenimento","12":"tag-gnr","13":"tag-portugal","14":"tag-pt"},"share_on_mastodon":{"url":"https:\/\/pubeurope.com\/@pt\/115405255052780550","error":""},"_links":{"self":[{"href":"https:\/\/www.europesays.com\/pt\/wp-json\/wp\/v2\/posts\/118407","targetHints":{"allow":["GET"]}}],"collection":[{"href":"https:\/\/www.europesays.com\/pt\/wp-json\/wp\/v2\/posts"}],"about":[{"href":"https:\/\/www.europesays.com\/pt\/wp-json\/wp\/v2\/types\/post"}],"author":[{"embeddable":true,"href":"https:\/\/www.europesays.com\/pt\/wp-json\/wp\/v2\/users\/2"}],"replies":[{"embeddable":true,"href":"https:\/\/www.europesays.com\/pt\/wp-json\/wp\/v2\/comments?post=118407"}],"version-history":[{"count":0,"href":"https:\/\/www.europesays.com\/pt\/wp-json\/wp\/v2\/posts\/118407\/revisions"}],"wp:featuredmedia":[{"embeddable":true,"href":"https:\/\/www.europesays.com\/pt\/wp-json\/wp\/v2\/media\/118408"}],"wp:attachment":[{"href":"https:\/\/www.europesays.com\/pt\/wp-json\/wp\/v2\/media?parent=118407"}],"wp:term":[{"taxonomy":"category","embeddable":true,"href":"https:\/\/www.europesays.com\/pt\/wp-json\/wp\/v2\/categories?post=118407"},{"taxonomy":"post_tag","embeddable":true,"href":"https:\/\/www.europesays.com\/pt\/wp-json\/wp\/v2\/tags?post=118407"}],"curies":[{"name":"wp","href":"https:\/\/api.w.org\/{rel}","templated":true}]}}