{"id":118411,"date":"2025-10-20T07:16:24","date_gmt":"2025-10-20T07:16:24","guid":{"rendered":"https:\/\/www.europesays.com\/pt\/118411\/"},"modified":"2025-10-20T07:16:24","modified_gmt":"2025-10-20T07:16:24","slug":"andre-ventura-queria-30-camaras-mas-teve-3-nas-legislativas-ventura-teve-azia-antes-das-eleicoes-nas-autarquicas-teve-depois","status":"publish","type":"post","link":"https:\/\/www.europesays.com\/pt\/118411\/","title":{"rendered":"\u201cAndr\u00e9 Ventura queria 30 c\u00e2maras mas teve 3. Nas legislativas Ventura teve azia antes das elei\u00e7\u00f5es, nas aut\u00e1rquicas teve depois\u201d"},"content":{"rendered":"<p>Quem ganhou foi o PSD &#8211; teve mais c\u00e2maras e as mais importantes &#8211; mas os outros partidos tamb\u00e9m ganharam quase todos. O PS ganhou porque estava \u00e0 espera de perder muit\u00edssimo e s\u00f3 perdeu muito. Eles at\u00e9 festejaram com o V de \u201cv\u00e1 l\u00e1\u201d. E em quinto ficou o Chega, que passou de zero para tr\u00eas c\u00e2maras. Andr\u00e9 Ventura foi para as redes sociais festejar dizendo: \u201cChega triplica c\u00e2maras.\u201d Andr\u00e9 Ventura multiplicou zero por tr\u00eas e deu-lhe tr\u00eas. Afinal, toda a gente diz que o Ventura \u00e9 um pol\u00edtico que chega a todas as classes\u2026 \u00e0 quarta classe n\u00e3o chega.<\/p>\n<p>\t\t<img decoding=\"async\" src=\"https:\/\/www.europesays.com\/pt\/wp-content\/uploads\/2025\/10\/1760944584_135_thumbs.web.sapo.io\"  loading=\"true\"\/><\/p>\n<p>                        SIC Not\u00edcias<\/p>\n<p>\u201cNormalmente, as pessoas de quem a gente fala t\u00eam empregos a s\u00e9rio, ao contr\u00e1rio de n\u00f3s. S\u00e3o ministros, empres\u00e1rios, banqueiros\u2026 Basicamente, o que a gente faz \u00e9 gozar com quem trabalha\u201d R.A.P. Ou\u00e7a mais epis\u00f3dios:<\/p>\n","protected":false},"excerpt":{"rendered":"Quem ganhou foi o PSD &#8211; teve mais c\u00e2maras e as mais importantes &#8211; mas os outros partidos&hellip;\n","protected":false},"author":2,"featured_media":118412,"comment_status":"","ping_status":"","sticky":false,"template":"","format":"standard","meta":{"footnotes":""},"categories":[10],"tags":[27,28,15,16,14,25,26,21,22,12,13,19,20,32,23,24,33,17,18,29,30,31],"class_list":{"0":"post-118411","1":"post","2":"type-post","3":"status-publish","4":"format-standard","5":"has-post-thumbnail","7":"category-portugal","8":"tag-breaking-news","9":"tag-breakingnews","10":"tag-featured-news","11":"tag-featurednews","12":"tag-headlines","13":"tag-latest-news","14":"tag-latestnews","15":"tag-main-news","16":"tag-mainnews","17":"tag-news","18":"tag-noticias","19":"tag-noticias-principais","20":"tag-noticiasprincipais","21":"tag-portugal","22":"tag-principais-noticias","23":"tag-principaisnoticias","24":"tag-pt","25":"tag-top-stories","26":"tag-topstories","27":"tag-ultimas","28":"tag-ultimas-noticias","29":"tag-ultimasnoticias"},"share_on_mastodon":{"url":"https:\/\/pubeurope.com\/@pt\/115405270857798109","error":""},"_links":{"self":[{"href":"https:\/\/www.europesays.com\/pt\/wp-json\/wp\/v2\/posts\/118411","targetHints":{"allow":["GET"]}}],"collection":[{"href":"https:\/\/www.europesays.com\/pt\/wp-json\/wp\/v2\/posts"}],"about":[{"href":"https:\/\/www.europesays.com\/pt\/wp-json\/wp\/v2\/types\/post"}],"author":[{"embeddable":true,"href":"https:\/\/www.europesays.com\/pt\/wp-json\/wp\/v2\/users\/2"}],"replies":[{"embeddable":true,"href":"https:\/\/www.europesays.com\/pt\/wp-json\/wp\/v2\/comments?post=118411"}],"version-history":[{"count":0,"href":"https:\/\/www.europesays.com\/pt\/wp-json\/wp\/v2\/posts\/118411\/revisions"}],"wp:featuredmedia":[{"embeddable":true,"href":"https:\/\/www.europesays.com\/pt\/wp-json\/wp\/v2\/media\/118412"}],"wp:attachment":[{"href":"https:\/\/www.europesays.com\/pt\/wp-json\/wp\/v2\/media?parent=118411"}],"wp:term":[{"taxonomy":"category","embeddable":true,"href":"https:\/\/www.europesays.com\/pt\/wp-json\/wp\/v2\/categories?post=118411"},{"taxonomy":"post_tag","embeddable":true,"href":"https:\/\/www.europesays.com\/pt\/wp-json\/wp\/v2\/tags?post=118411"}],"curies":[{"name":"wp","href":"https:\/\/api.w.org\/{rel}","templated":true}]}}