{"id":118421,"date":"2025-10-20T07:26:40","date_gmt":"2025-10-20T07:26:40","guid":{"rendered":"https:\/\/www.europesays.com\/pt\/118421\/"},"modified":"2025-10-20T07:26:40","modified_gmt":"2025-10-20T07:26:40","slug":"fabio-prestes-a-explodir-com-dylan","status":"publish","type":"post","link":"https:\/\/www.europesays.com\/pt\/118421\/","title":{"rendered":"F\u00e1bio prestes a &#8220;explodir&#8221; com Dylan"},"content":{"rendered":"<p>\t\t\t\t\t\t\t\t\t\t\t\t\t\tA \u201ccaixa de mexericos\u201d voltou a agitar os \u00e2nimos na \u201cCasa dos Segredos\u201d, na tarde de sexta-feira, 17 de outubro.<\/p>\n<p>A din\u00e2mica ficou marcada por algumas acusa\u00e7\u00f5es e confrontos, mas, sobretudo, pela discuss\u00e3o acesa entre Liliana e Dylan.<\/p>\n<p>O concorrente n\u00e3o foi brando nas palavras e atirou: \u201cA tua fam\u00edlia n\u00e3o te mandou uma prenda porque n\u00e3o concorda com o que fizeste\u201d \u2013 como <a href=\"https:\/\/www.hiper.fm\/azedou-dylan-confronta-liliana-em-acesa-discussao-a-tua-familia-nao-te-mandou-uma-prenda-porque-nao-concorda\/\" rel=\"nofollow noopener\" target=\"_blank\">mostr\u00e1mos aqui<\/a>.<\/p>\n<p>Depois do confronto, F\u00e1bio mostrou-se revoltado e refugiou-se no confession\u00e1rio, para n\u00e3o explodir: <strong>\u201cO Dylan fez um golpe muito baixo em rela\u00e7\u00e3o \u00e0 Liliana a partir do momento em que fala da fam\u00edlia dela\u201d<\/strong>.<\/p>\n<p>O amigo especial de Liliana confessou:<strong> \u201cRevoltou-me isso porque se fosse a fam\u00edlia dele a n\u00e3o ter mandado nada, eu continuaria a n\u00e3o concordar tocar-se nesse assunto. Ele usou para a atacar\u201d<\/strong>.<\/p>\n<p><strong>\u201cO problema \u00e9 que, se eu falasse, da maneira que eu estava, eu ia levantar-me e ia \u00e0 pessoa. Estou a ser inteligente para n\u00e3o explodir e ser expulso. Sim, estou a tomar as dores dos outros, mas porque para mim \u00e9 um tema muito forte\u201d<\/strong> \u2013 assumiu.<\/p>\n<p><a href=\"https:\/\/tvi.iol.pt\/secretstory\/videos\/fabio-furioso-com-dylan-apos-ataques-a-liliana-fiquei-calado-para-nao-ser-expulso\/68f2800d0cf29d28d8292354\" rel=\"nofollow noopener\" target=\"_blank\">Veja o momento aqui.<\/a><\/p>\n","protected":false},"excerpt":{"rendered":"A \u201ccaixa de mexericos\u201d voltou a agitar os \u00e2nimos na \u201cCasa dos Segredos\u201d, na tarde de sexta-feira, 17&hellip;\n","protected":false},"author":2,"featured_media":118422,"comment_status":"","ping_status":"","sticky":false,"template":"","format":"standard","meta":{"footnotes":""},"categories":[85],"tags":[2632,19105,114,115,24621,32,33],"class_list":{"0":"post-118421","1":"post","2":"type-post","3":"status-publish","4":"format-standard","5":"has-post-thumbnail","7":"category-entretenimento","8":"tag-casa-dos-segredos","9":"tag-dylan","10":"tag-entertainment","11":"tag-entretenimento","12":"tag-fu00e1bio","13":"tag-portugal","14":"tag-pt"},"share_on_mastodon":{"url":"https:\/\/pubeurope.com\/@pt\/115405310252971674","error":""},"_links":{"self":[{"href":"https:\/\/www.europesays.com\/pt\/wp-json\/wp\/v2\/posts\/118421","targetHints":{"allow":["GET"]}}],"collection":[{"href":"https:\/\/www.europesays.com\/pt\/wp-json\/wp\/v2\/posts"}],"about":[{"href":"https:\/\/www.europesays.com\/pt\/wp-json\/wp\/v2\/types\/post"}],"author":[{"embeddable":true,"href":"https:\/\/www.europesays.com\/pt\/wp-json\/wp\/v2\/users\/2"}],"replies":[{"embeddable":true,"href":"https:\/\/www.europesays.com\/pt\/wp-json\/wp\/v2\/comments?post=118421"}],"version-history":[{"count":0,"href":"https:\/\/www.europesays.com\/pt\/wp-json\/wp\/v2\/posts\/118421\/revisions"}],"wp:featuredmedia":[{"embeddable":true,"href":"https:\/\/www.europesays.com\/pt\/wp-json\/wp\/v2\/media\/118422"}],"wp:attachment":[{"href":"https:\/\/www.europesays.com\/pt\/wp-json\/wp\/v2\/media?parent=118421"}],"wp:term":[{"taxonomy":"category","embeddable":true,"href":"https:\/\/www.europesays.com\/pt\/wp-json\/wp\/v2\/categories?post=118421"},{"taxonomy":"post_tag","embeddable":true,"href":"https:\/\/www.europesays.com\/pt\/wp-json\/wp\/v2\/tags?post=118421"}],"curies":[{"name":"wp","href":"https:\/\/api.w.org\/{rel}","templated":true}]}}