{"id":118423,"date":"2025-10-20T07:27:12","date_gmt":"2025-10-20T07:27:12","guid":{"rendered":"https:\/\/www.europesays.com\/pt\/118423\/"},"modified":"2025-10-20T07:27:12","modified_gmt":"2025-10-20T07:27:12","slug":"video-da-nasa-mostra-incrivel-labirinto-em-marte","status":"publish","type":"post","link":"https:\/\/www.europesays.com\/pt\/118423\/","title":{"rendered":"V\u00eddeo da NASA mostra incr\u00edvel labirinto em Marte"},"content":{"rendered":"<p class=\"wp-caption-text top\"><a href=\"https:\/\/www.youtube.com\/watch?v=6E6Cn5RSe_I&amp;t=17s\" rel=\"nofollow external noopener noreferrer\" data-wpel-link=\"external\" target=\"_blank\" class=\"ext-link\">European Space Agency, ESA<\/a><\/p>\n<p><img decoding=\"async\" loading=\"lazy\" class=\"size-kopa-image-size-3 wp-image-706813\" src=\"https:\/\/www.europesays.com\/pt\/wp-content\/uploads\/2025\/10\/85437b3e7e6f80a2d70f56e3019060fa-783x450.jpg\" alt=\"\" width=\"700\" height=\"402\"  \/><\/p>\n<p class=\"wp-caption-text bot\">O incr\u00edvel labirinto de Marte<\/p>\n<p><strong>Um novo v\u00eddeo, criado a partir da sonda Mars Express, permite sobrevoar um gigantesco labirinto em Marte com um n\u00edvel de detalhe impressionante.<\/strong><\/p>\n<p>A Ag\u00eancia Espacial Europeia (ESA) faz-nos voar sobre um desfiladeiro de em forma de labirinto, com mais de 1600 quil\u00f3metros, no Planeta Vermelho.<\/p>\n<p>A anima\u00e7\u00e3o, baseada em dados da sonda Mars Express da ESA, leva os espectadores num \u201cvoo hipnotizante sobre canais sinuosos escavados pela \u00e1gua, ilhas que resistiram \u00e0 eros\u00e3o e um labirinto de terreno acidentado\u201d, utilizando imagens obtidas pela c\u00e2mara estereosc\u00f3pica de alta resolu\u00e7\u00e3o da nave, afirmaram respons\u00e1veis da ESA num <a href=\"https:\/\/www.esa.int\/ESA_Multimedia\/Videos\/2025\/10\/Fly_over_Xanthe_Terra_with_Mars_Express\" data-wpel-link=\"external\" target=\"_blank\" rel=\"nofollow external noopener noreferrer\" class=\"ext-link\">comunicado<\/a>.<\/p>\n<p>\u201cNo centro da viagem encontra-se um canal de escoamento com 1.300 km de comprimento, chamado Shalbatana Vallis. Desce em cascata desde a regi\u00e3o montanhosa de Xanthe Terra at\u00e9 \u00e0s plan\u00edcies mais suaves de Chryse Planitia. <strong>H\u00e1 milhares de milh\u00f5es de anos, a \u00e1gua correu com for\u00e7a atrav\u00e9s deste canal, criando muitas das forma\u00e7\u00f5es que vemos hoje<\/strong>. A viagem culmina numa vista espetacular de uma cratera de impacto com 100 km de largura, aberta na superf\u00edcie de Marte quando esta colidiu com uma rocha espacial\u201d, explicaram.<\/p>\n<p>Como nota a Live Science, os espectadores mais atentos notar\u00e3o que o voo atravessa a chamada \u201cfronteira da dicotomia marciana\u201d, onde as crateras das terras altas do sul se transformam gradualmente em plan\u00edcies mais lisas nas terras baixas do norte.\u00a0No entanto, os investigadores ainda n\u00e3o sabem ao certo porqu\u00ea.<\/p>\n<p>A Mars Express encontra-se em Marte desde 2003, a examinar a geologia do planeta, numa miss\u00e3o que inicialmente estava prevista para dois anos.<\/p>\n<p>A sonda continua operacional e em bom estado ap\u00f3s mais de 20 anos de servi\u00e7o, tendo recebido v\u00e1rias extens\u00f5es de miss\u00e3o devido aos seus valiosos resultados cient\u00edficos.<\/p>\n<p>    <a href=\"https:\/\/zap.aeiou.pt\/subscrever-newsletter\" data-wpel-link=\"internal\" rel=\"nofollow noopener\" target=\"_blank\">&#13;<br \/>\n        <img loading=\"lazy\" decoding=\"async\" class=\"aligncenter size-full wp-image-575475\" src=\"https:\/\/www.europesays.com\/pt\/wp-content\/uploads\/2025\/10\/1759862234_971_2d51fe4a0ba54894421ead1809309ed9-1-450x140.jpg\" alt=\"Subscreva a Newsletter ZAP\" width=\"450\" height=\"140\"\/>&#13;<br \/>\n    <\/a><\/p>\n<p>                <a href=\"https:\/\/whatsapp.com\/channel\/0029VaIC4EE2f3EJZPPSbR34\" data-wpel-link=\"external\" target=\"_blank\" rel=\"nofollow external noopener noreferrer\" class=\"ext-link\">&#13;<br \/>\n                    <img loading=\"lazy\" decoding=\"async\" class=\"aligncenter size-full wp-image-575475\" src=\"https:\/\/www.europesays.com\/pt\/wp-content\/uploads\/2025\/10\/1759862234_512_c68c559d956d4ca20f435ed74a6e71e6.png\" alt=\"Siga-nos no WhatsApp\" width=\"175\" height=\"64\"\/>&#13;<br \/>\n                <\/a><\/p>\n<p>                <a href=\"https:\/\/news.google.com\/publications\/CAAiEHRwZondIV71PDjWNoqMduEqFAgKIhB0cGaJ3SFe9Tw41jaKjHbh?hl=en-US&amp;gl=US&amp;ceid=US%3Aen\" data-wpel-link=\"external\" target=\"_blank\" rel=\"nofollow external noopener noreferrer\" class=\"ext-link\">&#13;<br \/>\n                    <img loading=\"lazy\" decoding=\"async\" class=\"aligncenter size-full wp-image-575475\" src=\"https:\/\/www.europesays.com\/pt\/wp-content\/uploads\/2025\/10\/1759862235_242_5123dd8b087b644fdb8f8603acd1bad4.png\" alt=\"Siga-nos no Google News\" width=\"176\" height=\"64\"\/>&#13;<br \/>\n                <\/a><\/p>\n","protected":false},"excerpt":{"rendered":"European Space Agency, ESA O incr\u00edvel labirinto de Marte Um novo v\u00eddeo, criado a partir da sonda Mars&hellip;\n","protected":false},"author":2,"featured_media":118424,"comment_status":"","ping_status":"","sticky":false,"template":"","format":"standard","meta":{"footnotes":""},"categories":[84],"tags":[443,109,107,108,1008,7833,2559,1149,32,33,105,103,104,106,110],"class_list":{"0":"post-118423","1":"post","2":"type-post","3":"status-publish","4":"format-standard","5":"has-post-thumbnail","7":"category-ciencia-e-tecnologia","8":"tag-astronomia","9":"tag-ciencia","10":"tag-ciencia-e-tecnologia","11":"tag-cienciaetecnologia","12":"tag-espaco","13":"tag-geologia","14":"tag-marte","15":"tag-nasa","16":"tag-portugal","17":"tag-pt","18":"tag-science","19":"tag-science-and-technology","20":"tag-scienceandtechnology","21":"tag-technology","22":"tag-tecnologia"},"share_on_mastodon":{"url":"https:\/\/pubeurope.com\/@pt\/115405314129067559","error":""},"_links":{"self":[{"href":"https:\/\/www.europesays.com\/pt\/wp-json\/wp\/v2\/posts\/118423","targetHints":{"allow":["GET"]}}],"collection":[{"href":"https:\/\/www.europesays.com\/pt\/wp-json\/wp\/v2\/posts"}],"about":[{"href":"https:\/\/www.europesays.com\/pt\/wp-json\/wp\/v2\/types\/post"}],"author":[{"embeddable":true,"href":"https:\/\/www.europesays.com\/pt\/wp-json\/wp\/v2\/users\/2"}],"replies":[{"embeddable":true,"href":"https:\/\/www.europesays.com\/pt\/wp-json\/wp\/v2\/comments?post=118423"}],"version-history":[{"count":0,"href":"https:\/\/www.europesays.com\/pt\/wp-json\/wp\/v2\/posts\/118423\/revisions"}],"wp:featuredmedia":[{"embeddable":true,"href":"https:\/\/www.europesays.com\/pt\/wp-json\/wp\/v2\/media\/118424"}],"wp:attachment":[{"href":"https:\/\/www.europesays.com\/pt\/wp-json\/wp\/v2\/media?parent=118423"}],"wp:term":[{"taxonomy":"category","embeddable":true,"href":"https:\/\/www.europesays.com\/pt\/wp-json\/wp\/v2\/categories?post=118423"},{"taxonomy":"post_tag","embeddable":true,"href":"https:\/\/www.europesays.com\/pt\/wp-json\/wp\/v2\/tags?post=118423"}],"curies":[{"name":"wp","href":"https:\/\/api.w.org\/{rel}","templated":true}]}}