{"id":118425,"date":"2025-10-20T07:30:29","date_gmt":"2025-10-20T07:30:29","guid":{"rendered":"https:\/\/www.europesays.com\/pt\/118425\/"},"modified":"2025-10-20T07:30:29","modified_gmt":"2025-10-20T07:30:29","slug":"ativista-escala-ponte-25-de-abril-para-colocar-bandeira-da-palestina-e-acaba-detido-pela-policia-2","status":"publish","type":"post","link":"https:\/\/www.europesays.com\/pt\/118425\/","title":{"rendered":"Ativista escala ponte 25 de Abril para colocar bandeira da Palestina e acaba detido pela pol\u00edcia"},"content":{"rendered":"<p class=\"category\"><a href=\"https:\/\/sicnoticias.pt\/pais\" rel=\"nofollow noopener\" target=\"_blank\">Pa\u00eds<\/a><\/p>\n<p class=\"g-article-lead lead\" data-field=\"lead\">Um homem escalou a ponte 25 de Abril at\u00e9 ao topo, onde colocou bandeira da Palestina. O ativista foi detido pela PSP e ser\u00e1 presente a tribunal esta segunda-feira.<\/p>\n<p><img decoding=\"async\" src=\"https:\/\/www.europesays.com\/pt\/wp-content\/uploads\/2025\/10\/1760939333_96_original.webp\" alt=\"Ativista escala ponte 25 de Abril para colocar bandeira da Palestina e acaba detido pela pol\u00edcia\"\/><\/p>\n<p><strong>Um homem foi detido, este domingo, depois de ter escalado um dos pilares da ponte 25 de Abril, em Lisboa, para colocar uma bandeira da Palestina.<\/strong><\/p>\n<p>O alerta foi dado pela Lusoponte, que informou a Divis\u00e3o de Tr\u00e2nsito da Pol\u00edcia de Seguran\u00e7a P\u00fablica (PSP). Quando os pol\u00edcias chegaram ao local, o homem encontrava-se a cerca de 190 metros de altura, num dos tubos met\u00e1licos, a tentar chegar ao ponto mais alto da estrutura.<\/p>\n<p>De acordo com a PSP, o ativista conseguiu p\u00f4r a bandeira no topo do pilar e descer parte da ponte com outra bandeira mais pequena. <\/p>\n<blockquote><p> &#8220;Face \u00e0 situa\u00e7\u00e3o de perigo para pessoas e bens, e em coordena\u00e7\u00e3o com elementos das Infraestruturas de Portugal, foi necess\u00e1rio aceder ao topo da ponte, pelo interior de um dos pilares, de forma a estabelecer contacto direto com o indiv\u00edduo e garantir a sua descida em seguran\u00e7a&#8221;, l\u00ea-se num comunicado divulgado pela PSP.  <\/p><\/blockquote>\n<p>O ativista, que diz ter escalado a ponte como forma de manifesta\u00e7\u00e3o porque era &#8220;a \u00fanica maneira de ser ouvido&#8221;, ter\u00e1 entrado na estrutura atrav\u00e9s do t\u00fanel ferrovi\u00e1rio da Fertagus, no Pragal.<\/p>\n<p>A pol\u00edcia apreendeu v\u00e1rios objetos durante a opera\u00e7\u00e3o, incluindo duas bandeiras da Palestina, uma corda de nylon, um arn\u00eas de seguran\u00e7a, um tablet, uma powerbank e fita isoladora.<\/p>\n<p>O homem ficou detido e ser\u00e1 presente a tribunal esta segunda-feira.<\/p>\n","protected":false},"excerpt":{"rendered":"Pa\u00eds Um homem escalou a ponte 25 de Abril at\u00e9 ao topo, onde colocou bandeira da Palestina. O&hellip;\n","protected":false},"author":2,"featured_media":118346,"comment_status":"","ping_status":"","sticky":false,"template":"","format":"standard","meta":{"footnotes":""},"categories":[10],"tags":[27,28,15,16,14,25,26,21,22,12,13,19,20,32,23,24,33,17,18,29,30,31],"class_list":{"0":"post-118425","1":"post","2":"type-post","3":"status-publish","4":"format-standard","5":"has-post-thumbnail","7":"category-portugal","8":"tag-breaking-news","9":"tag-breakingnews","10":"tag-featured-news","11":"tag-featurednews","12":"tag-headlines","13":"tag-latest-news","14":"tag-latestnews","15":"tag-main-news","16":"tag-mainnews","17":"tag-news","18":"tag-noticias","19":"tag-noticias-principais","20":"tag-noticiasprincipais","21":"tag-portugal","22":"tag-principais-noticias","23":"tag-principaisnoticias","24":"tag-pt","25":"tag-top-stories","26":"tag-topstories","27":"tag-ultimas","28":"tag-ultimas-noticias","29":"tag-ultimasnoticias"},"share_on_mastodon":{"url":"https:\/\/pubeurope.com\/@pt\/115405326238449139","error":""},"_links":{"self":[{"href":"https:\/\/www.europesays.com\/pt\/wp-json\/wp\/v2\/posts\/118425","targetHints":{"allow":["GET"]}}],"collection":[{"href":"https:\/\/www.europesays.com\/pt\/wp-json\/wp\/v2\/posts"}],"about":[{"href":"https:\/\/www.europesays.com\/pt\/wp-json\/wp\/v2\/types\/post"}],"author":[{"embeddable":true,"href":"https:\/\/www.europesays.com\/pt\/wp-json\/wp\/v2\/users\/2"}],"replies":[{"embeddable":true,"href":"https:\/\/www.europesays.com\/pt\/wp-json\/wp\/v2\/comments?post=118425"}],"version-history":[{"count":0,"href":"https:\/\/www.europesays.com\/pt\/wp-json\/wp\/v2\/posts\/118425\/revisions"}],"wp:featuredmedia":[{"embeddable":true,"href":"https:\/\/www.europesays.com\/pt\/wp-json\/wp\/v2\/media\/118346"}],"wp:attachment":[{"href":"https:\/\/www.europesays.com\/pt\/wp-json\/wp\/v2\/media?parent=118425"}],"wp:term":[{"taxonomy":"category","embeddable":true,"href":"https:\/\/www.europesays.com\/pt\/wp-json\/wp\/v2\/categories?post=118425"},{"taxonomy":"post_tag","embeddable":true,"href":"https:\/\/www.europesays.com\/pt\/wp-json\/wp\/v2\/tags?post=118425"}],"curies":[{"name":"wp","href":"https:\/\/api.w.org\/{rel}","templated":true}]}}