{"id":118426,"date":"2025-10-20T07:31:19","date_gmt":"2025-10-20T07:31:19","guid":{"rendered":"https:\/\/www.europesays.com\/pt\/118426\/"},"modified":"2025-10-20T07:31:19","modified_gmt":"2025-10-20T07:31:19","slug":"conheca-todos-os-jogos-dos-16avos-de-final","status":"publish","type":"post","link":"https:\/\/www.europesays.com\/pt\/118426\/","title":{"rendered":"conhe\u00e7a todos os jogos dos 16avos de final"},"content":{"rendered":"<p>J\u00e1 est\u00e1 definida a pr\u00f3xima fase da <a target=\"_blank\" class=\"editor-link autolink-enabled\" href=\"https:\/\/www.abola.pt\/futebol\/competicao\/taca-de-portugal-112\" data-resource-id=\"112\" data-resource-type=\"competition\" data-sport=\"football\" rel=\"nofollow noopener\">Ta\u00e7a de Portugal<\/a>. O <a target=\"_blank\" class=\"editor-link autolink-enabled\" href=\"https:\/\/www.abola.pt\/futebol\/benfica-450\" data-resource-id=\"450\" data-resource-type=\"team\" data-sport=\"football\" rel=\"nofollow noopener\">Benfica<\/a> medir\u00e1 for\u00e7as com o <a target=\"_blank\" class=\"editor-link autolink-enabled\" href=\"https:\/\/www.abola.pt\/futebol\/atletico-3033\" data-resource-id=\"3033\" data-resource-type=\"team\" data-sport=\"football\" rel=\"nofollow noopener\">Atl\u00e9tico<\/a>, o <a target=\"_blank\" class=\"editor-link autolink-enabled\" href=\"https:\/\/www.abola.pt\/futebol\/sporting-448\" data-resource-id=\"448\" data-resource-type=\"team\" data-sport=\"football\" rel=\"nofollow noopener\">Sporting<\/a> ter\u00e1 pela frente o <a class=\"autolink-enabled\" data-resource-id=\"13524\" data-resource-type=\"team\" data-sport=\"football\" href=\"https:\/\/www.abola.pt\/futebol\/marinhense-13524\" rel=\"nofollow noopener\" target=\"_blank\">Marinhense<\/a>, enquanto o <a target=\"_blank\" class=\"editor-link autolink-enabled\" href=\"https:\/\/www.abola.pt\/futebol\/fc-porto-451\" data-resource-id=\"451\" data-resource-type=\"team\" data-sport=\"football\" rel=\"nofollow noopener\">FC Porto<\/a> recebe o <a target=\"_blank\" class=\"editor-link autolink-enabled\" href=\"https:\/\/www.abola.pt\/futebol\/sintrense-13542\" data-resource-id=\"13542\" data-resource-type=\"team\" data-sport=\"football\" rel=\"nofollow noopener\">Sintrense<\/a>, carrasco do <a target=\"_blank\" class=\"editor-link autolink-enabled\" href=\"https:\/\/www.abola.pt\/futebol\/rio-ave-442\" data-resource-id=\"442\" data-resource-type=\"team\" data-sport=\"football\" rel=\"nofollow noopener\">Rio Ave<\/a>.<\/p>\n<p>Os 16avos de final, 4.\u00aa eliminat\u00f3ria, v\u00e3o ter lugar no fim de semana de 22 e 23 de novembro, ap\u00f3s mais uma pausa nas competi\u00e7\u00f5es nacionais para as sele\u00e7\u00f5es.<\/p>\n<p><strong>Jogos da 4.\u00aa eliminat\u00f3ria da Ta\u00e7a de Portugal:<\/strong><\/p>\n<p>Atl\u00e9tico-Benfica<\/p>\n<p>SC Braga-Nacional<\/p>\n<p>Aves SAD-Ac. Viseu<\/p>\n<p>Fafe-Arouca<\/p>\n<p>Estoril-Famalic\u00e3o<\/p>\n<p>1.\u00ba Dezembro-UD Leiria<\/p>\n<p>Alpendorada-Casa Pia<\/p>\n<p>Tondela-Caldas<\/p>\n<p>Farense-Silves<\/p>\n<p>Santa Clara-Com\u00e9rcio e Ind\u00fastria<\/p>\n<p>Lusit\u00e2nia de Lourosa-Torreense<\/p>\n<p>Vit\u00f3ria de Guimar\u00e3es-Mort\u00e1gua<\/p>\n<p>Sporting-Marinhense<\/p>\n<p>Vila Me\u00e3-Leix\u00f5es<\/p>\n<p>Covilh\u00e3-Lusitano de \u00c9vora<\/p>\n<p>FC Porto-Sintrense<\/p>\n","protected":false},"excerpt":{"rendered":"J\u00e1 est\u00e1 definida a pr\u00f3xima fase da Ta\u00e7a de Portugal. O Benfica medir\u00e1 for\u00e7as com o Atl\u00e9tico, o&hellip;\n","protected":false},"author":2,"featured_media":118427,"comment_status":"","ping_status":"","sticky":false,"template":"","format":"standard","meta":{"footnotes":""},"categories":[8],"tags":[27,28,15,16,14,25,26,21,22,12,13,19,20,32,23,24,33,17,18,29,30,31],"class_list":{"0":"post-118426","1":"post","2":"type-post","3":"status-publish","4":"format-standard","5":"has-post-thumbnail","7":"category-principais-noticias","8":"tag-breaking-news","9":"tag-breakingnews","10":"tag-featured-news","11":"tag-featurednews","12":"tag-headlines","13":"tag-latest-news","14":"tag-latestnews","15":"tag-main-news","16":"tag-mainnews","17":"tag-news","18":"tag-noticias","19":"tag-noticias-principais","20":"tag-noticiasprincipais","21":"tag-portugal","22":"tag-principais-noticias","23":"tag-principaisnoticias","24":"tag-pt","25":"tag-top-stories","26":"tag-topstories","27":"tag-ultimas","28":"tag-ultimas-noticias","29":"tag-ultimasnoticias"},"share_on_mastodon":{"url":"https:\/\/pubeurope.com\/@pt\/115405329798586275","error":""},"_links":{"self":[{"href":"https:\/\/www.europesays.com\/pt\/wp-json\/wp\/v2\/posts\/118426","targetHints":{"allow":["GET"]}}],"collection":[{"href":"https:\/\/www.europesays.com\/pt\/wp-json\/wp\/v2\/posts"}],"about":[{"href":"https:\/\/www.europesays.com\/pt\/wp-json\/wp\/v2\/types\/post"}],"author":[{"embeddable":true,"href":"https:\/\/www.europesays.com\/pt\/wp-json\/wp\/v2\/users\/2"}],"replies":[{"embeddable":true,"href":"https:\/\/www.europesays.com\/pt\/wp-json\/wp\/v2\/comments?post=118426"}],"version-history":[{"count":0,"href":"https:\/\/www.europesays.com\/pt\/wp-json\/wp\/v2\/posts\/118426\/revisions"}],"wp:featuredmedia":[{"embeddable":true,"href":"https:\/\/www.europesays.com\/pt\/wp-json\/wp\/v2\/media\/118427"}],"wp:attachment":[{"href":"https:\/\/www.europesays.com\/pt\/wp-json\/wp\/v2\/media?parent=118426"}],"wp:term":[{"taxonomy":"category","embeddable":true,"href":"https:\/\/www.europesays.com\/pt\/wp-json\/wp\/v2\/categories?post=118426"},{"taxonomy":"post_tag","embeddable":true,"href":"https:\/\/www.europesays.com\/pt\/wp-json\/wp\/v2\/tags?post=118426"}],"curies":[{"name":"wp","href":"https:\/\/api.w.org\/{rel}","templated":true}]}}