{"id":118434,"date":"2025-10-20T07:39:03","date_gmt":"2025-10-20T07:39:03","guid":{"rendered":"https:\/\/www.europesays.com\/pt\/118434\/"},"modified":"2025-10-20T07:39:03","modified_gmt":"2025-10-20T07:39:03","slug":"cientistas-descobrem-novo-tipo-de-ligacao-entre-neuronios","status":"publish","type":"post","link":"https:\/\/www.europesays.com\/pt\/118434\/","title":{"rendered":"Cientistas descobrem novo tipo de liga\u00e7\u00e3o entre neur\u00f3nios"},"content":{"rendered":"<p class=\"wp-caption-text top\"><a href=\"https:\/\/www.freepik.com\/free-ai-image\/glowing-synapse-multi-colored-neural-communication-abstract-design-generated-by-ai_41283933.htm\" rel=\"nofollow external noopener noreferrer\" data-wpel-link=\"external\" target=\"_blank\" class=\"ext-link\">Freepik<\/a><\/p>\n<p><img decoding=\"async\" loading=\"lazy\" class=\"size-kopa-image-size-3 wp-image-544159\" src=\"https:\/\/www.europesays.com\/pt\/wp-content\/uploads\/2025\/10\/c4ca4238a0b923820dcc509a6f75849b-1-783x450.jpg\" alt=\"\" width=\"700\" height=\"402\"  \/><\/p>\n<p><strong>Microsc\u00f3pios de super-resolu\u00e7\u00e3o revelaram um tipo totalmente novo de liga\u00e7\u00e3o entre neur\u00f3nios nos c\u00e9rebros de ratos e humanos.<\/strong><\/p>\n<p>Uma equipa de investigadores liderada pelo neurocientista <strong>Minhyeok Chang<\/strong>, da Universidade Johns Hopkins, identificou pequenas<strong> pontes tubulares<\/strong> nas extremidades ramificadas de neur\u00f3nios cultivados.<\/p>\n<p>Em testes adicionais em modelos de ratos com doen\u00e7a de Alzheimer, verificou-se que estas pontes<strong> transportavam c\u00e1lcio<\/strong> e mol\u00e9culas associadas \u00e0 doen\u00e7a diretamente entre as c\u00e9lulas.<\/p>\n<p>\u201cEstruturas semelhantes podem transportar uma <strong>vasta gama de materiais<\/strong>, desde pequenos i\u00f5es (10\u207b\u00b9\u2070 m) at\u00e9 mitoc\u00f4ndrias de grande dimens\u00e3o (10\u207b\u2076 m)\u201d, escrevem os investigadores no <a href=\"https:\/\/www.science.org\/doi\/10.1126\/science.adr7403\" data-wpel-link=\"external\" target=\"_blank\" rel=\"nofollow external noopener noreferrer\" class=\"ext-link\">artigo<\/a> que apresenta os resultados do estudo, que foi publicado no in\u00edcio do m\u00eas na revista Science.<\/p>\n<p>\u201cEm neur\u00f3nios cultivados, observ\u00e1mos a <strong>forma\u00e7\u00e3o din\u00e2mica destes nanotubos<\/strong> e confirm\u00e1mos que possu\u00edam uma estrutura interna distinta, diferenciando-os de outras <strong>extens\u00f5es neuronais<\/strong>\u201d, acrescentam os autores do estudo<\/p>\n<p>\u00c9 bem sabido que os <strong>neur\u00f3nios transmitem mensagens r\u00e1pidas<\/strong> entre si atrav\u00e9s das sinapses, comunicando<strong> informa\u00e7\u00e3o tanto el\u00e9trica como qu\u00edmica<\/strong>. No entanto, nota o <a href=\"https:\/\/www.sciencealert.com\/scientists-just-discovered-a-whole-new-type-of-connection-between-neurons\" data-wpel-link=\"external\" target=\"_blank\" rel=\"nofollow external noopener noreferrer\" class=\"ext-link\">Science Alert<\/a>, sabe-se que outros tipos de c\u00e9lulas utilizam tubos de liga\u00e7\u00e3o f\u00edsicos para trocar mol\u00e9culas.<\/p>\n<p>Chang e a sua equipa, recorrendo a t\u00e9cnicas de imagiologia avan\u00e7ada e aprendizagem autom\u00e1tica, confirmaram agora que um tipo semelhante de ponte tubular <strong>ocorre tamb\u00e9m em neur\u00f3nios<\/strong>.<\/p>\n<p>Os investigadores observaram os nanotubos a transportar mol\u00e9culas de amiloide-beta que tinham sido injetadas nas c\u00e9lulas cerebrais de ratos. Estas mol\u00e9culas est\u00e3o <strong>associadas a doen\u00e7as neurodegenerativas<\/strong>, como a Alzheimer, nas quais tendem a aglomerar-se de forma anormal.<\/p>\n<p>Quando os investigadores <strong>impediram a forma\u00e7\u00e3o das pontes<\/strong>, a propaga\u00e7\u00e3o da amiloide-beta entre as c\u00e9lulas<strong> tamb\u00e9m cessou<\/strong>, confirmando que os nanotubos <strong>funcionam como condutas diretas<\/strong>.<\/p>\n<p>\u201cO nosso modelo computacional apoiou estas descobertas, prevendo que uma <strong>sobreativa\u00e7\u00e3o na rede de nanotubos<\/strong> poderia acelerar a acumula\u00e7\u00e3o t\u00f3xica de amiloide em neur\u00f3nios espec\u00edficos, estabelecendo assim uma liga\u00e7\u00e3o mecanicista entre altera\u00e7\u00f5es nos nanotubos e a <strong>progress\u00e3o da patologia da Alzheimer<\/strong>\u201d, explicam os investigadores.<\/p>\n<p>Estamos ainda nas fases iniciais desta investiga\u00e7\u00e3o; dado que estes tubos s\u00e3o uma descoberta t\u00e3o recente, <strong>ainda n\u00e3o se sabe o que transportam<\/strong> naturalmente nem com que frequ\u00eancia se formam ou funcionam no c\u00e9rebro humano completo.<\/p>\n<p>No entanto, o <strong>mau funcionamento destes tubos<\/strong> poder\u00e1 tamb\u00e9m contribuir para outras doen\u00e7as, pelo que os investigadores est\u00e3o ansiosos por compreender melhor estas pontes em miniatura.<\/p>\n<p>    <a href=\"https:\/\/zap.aeiou.pt\/subscrever-newsletter\" data-wpel-link=\"internal\" rel=\"nofollow noopener\" target=\"_blank\">&#13;<br \/>\n        <img loading=\"lazy\" decoding=\"async\" class=\"aligncenter size-full wp-image-575475\" src=\"https:\/\/www.europesays.com\/pt\/wp-content\/uploads\/2025\/10\/1759862234_971_2d51fe4a0ba54894421ead1809309ed9-1-450x140.jpg\" alt=\"Subscreva a Newsletter ZAP\" width=\"450\" height=\"140\"\/>&#13;<br \/>\n    <\/a><\/p>\n<p>                <a href=\"https:\/\/whatsapp.com\/channel\/0029VaIC4EE2f3EJZPPSbR34\" data-wpel-link=\"external\" target=\"_blank\" rel=\"nofollow external noopener noreferrer\" class=\"ext-link\">&#13;<br \/>\n                    <img loading=\"lazy\" decoding=\"async\" class=\"aligncenter size-full wp-image-575475\" src=\"https:\/\/www.europesays.com\/pt\/wp-content\/uploads\/2025\/10\/1759862234_512_c68c559d956d4ca20f435ed74a6e71e6.png\" alt=\"Siga-nos no WhatsApp\" width=\"175\" height=\"64\"\/>&#13;<br \/>\n                <\/a><\/p>\n<p>                <a href=\"https:\/\/news.google.com\/publications\/CAAiEHRwZondIV71PDjWNoqMduEqFAgKIhB0cGaJ3SFe9Tw41jaKjHbh?hl=en-US&amp;gl=US&amp;ceid=US%3Aen\" data-wpel-link=\"external\" target=\"_blank\" rel=\"nofollow external noopener noreferrer\" class=\"ext-link\">&#13;<br \/>\n                    <img loading=\"lazy\" decoding=\"async\" class=\"aligncenter size-full wp-image-575475\" src=\"https:\/\/www.europesays.com\/pt\/wp-content\/uploads\/2025\/10\/1759862235_242_5123dd8b087b644fdb8f8603acd1bad4.png\" alt=\"Siga-nos no Google News\" width=\"176\" height=\"64\"\/>&#13;<br \/>\n                <\/a><\/p>\n","protected":false},"excerpt":{"rendered":"Freepik Microsc\u00f3pios de super-resolu\u00e7\u00e3o revelaram um tipo totalmente novo de liga\u00e7\u00e3o entre neur\u00f3nios nos c\u00e9rebros de ratos e&hellip;\n","protected":false},"author":2,"featured_media":118435,"comment_status":"","ping_status":"","sticky":false,"template":"","format":"standard","meta":{"footnotes":""},"categories":[86],"tags":[314,116,6780,7654,32,33,117],"class_list":{"0":"post-118434","1":"post","2":"type-post","3":"status-publish","4":"format-standard","5":"has-post-thumbnail","7":"category-saude","8":"tag-alzheimer","9":"tag-health","10":"tag-neurociencia","11":"tag-neurologia","12":"tag-portugal","13":"tag-pt","14":"tag-saude"},"share_on_mastodon":{"url":"https:\/\/pubeurope.com\/@pt\/115405361322725259","error":""},"_links":{"self":[{"href":"https:\/\/www.europesays.com\/pt\/wp-json\/wp\/v2\/posts\/118434","targetHints":{"allow":["GET"]}}],"collection":[{"href":"https:\/\/www.europesays.com\/pt\/wp-json\/wp\/v2\/posts"}],"about":[{"href":"https:\/\/www.europesays.com\/pt\/wp-json\/wp\/v2\/types\/post"}],"author":[{"embeddable":true,"href":"https:\/\/www.europesays.com\/pt\/wp-json\/wp\/v2\/users\/2"}],"replies":[{"embeddable":true,"href":"https:\/\/www.europesays.com\/pt\/wp-json\/wp\/v2\/comments?post=118434"}],"version-history":[{"count":0,"href":"https:\/\/www.europesays.com\/pt\/wp-json\/wp\/v2\/posts\/118434\/revisions"}],"wp:featuredmedia":[{"embeddable":true,"href":"https:\/\/www.europesays.com\/pt\/wp-json\/wp\/v2\/media\/118435"}],"wp:attachment":[{"href":"https:\/\/www.europesays.com\/pt\/wp-json\/wp\/v2\/media?parent=118434"}],"wp:term":[{"taxonomy":"category","embeddable":true,"href":"https:\/\/www.europesays.com\/pt\/wp-json\/wp\/v2\/categories?post=118434"},{"taxonomy":"post_tag","embeddable":true,"href":"https:\/\/www.europesays.com\/pt\/wp-json\/wp\/v2\/tags?post=118434"}],"curies":[{"name":"wp","href":"https:\/\/api.w.org\/{rel}","templated":true}]}}