{"id":118436,"date":"2025-10-20T07:41:08","date_gmt":"2025-10-20T07:41:08","guid":{"rendered":"https:\/\/www.europesays.com\/pt\/118436\/"},"modified":"2025-10-20T07:41:08","modified_gmt":"2025-10-20T07:41:08","slug":"microsoft-defender-continuara-a-proteger-utilizadores","status":"publish","type":"post","link":"https:\/\/www.europesays.com\/pt\/118436\/","title":{"rendered":"Microsoft Defender continuar\u00e1 a proteger utilizadores"},"content":{"rendered":"<p>O Windows 10 chegou ao fim e isso pode ser o in\u00edcio de problemas para muitos utilizadores. A seguran\u00e7a est\u00e1 agora entregue \u00e0 qualidade do c\u00f3digo criado, mas h\u00e1 um ponto que est\u00e1 garantido aos utilizadores. O Microsoft Defender continuar\u00e1 ativo e a proteger contra ataques na Internet. Mas ser\u00e1 que isso \u00e9 suficiente atualmente?<\/p>\n<p><a target=\"_blank\" href=\"https:\/\/pplware.sapo.pt\/wp-content\/uploads\/2024\/10\/10-funcionalidades-ocultas-do-windows-11-que-facilitarao-a-sua-vida.jpg\" onclick=\"refreshIframe()\" class=\"foobox\" rel=\"nofollow noopener\"><img fetchpriority=\"high\" decoding=\"async\" src=\"https:\/\/www.europesays.com\/pt\/wp-content\/uploads\/2025\/10\/10-funcionalidades-ocultas-do-windows-11-que-facilitarao-a-sua-vida-1024x574.jpg\" alt=\"Windows 10 Microsoft Defender seguran\u00e7a\" width=\"720\" height=\"404\" class=\"aligncenter size-large wp-image-1022783\"  \/><\/a>\n<\/p>\n<p>Fim do Windows 10 e a necessidade de seguran\u00e7a<\/p>\n<p>O dia 14 de outubro de 2025 marcou o fim oficial do suporte ao Windows 10, um sistema operativo que ainda reside em milh\u00f5es de PCs por todo o mundo. Embora esta data signifique que o sistema deixar\u00e1 de receber suporte t\u00e9cnico, atualiza\u00e7\u00f5es de software e corre\u00e7\u00f5es de seguran\u00e7a, a Microsoft reservou uma exce\u00e7\u00e3o importante na sua pol\u00edtica de seguran\u00e7a. <\/p>\n<p>A empresa <a target=\"_blank\" href=\"https:\/\/techcommunity.microsoft.com\/blog\/microsoftdefenderatpblog\/end-of-windows-10-support-what-defender-customers-need-to-know\/4461349\" rel=\"nofollow noopener\">confirmou<\/a> que o Microsoft Defender, o seu antiv\u00edrus nativo, continuar\u00e1 a receber ativamente atualiza\u00e7\u00f5es de defini\u00e7\u00f5es de v\u00edrus e antimalware. Esta medida visa mitigar os riscos imediatos para a vasta base de utilizadores que, por raz\u00f5es de hardware ou op\u00e7\u00e3o, n\u00e3o migraram para o Windows 11.<\/p>\n<p>O Microsoft Defender ainda est\u00e1 ativo e a proteger<\/p>\n<p>A continuidade do suporte ao Microsoft Defender \u00e9 uma decis\u00e3o estrat\u00e9gica. Garante que os PCs com Windows 10 mant\u00eam-se protegidos contra amea\u00e7as conhecidas e emergentes, como ransomware e novos tipos de malware, atrav\u00e9s de atualiza\u00e7\u00f5es regulares de intelig\u00eancia de seguran\u00e7a. Contudo, \u00e9 fundamental que os utilizadores compreendam que esta prote\u00e7\u00e3o \u00e9 circunscrita. <\/p>\n<p><a target=\"_blank\" href=\"https:\/\/pplware.sapo.pt\/wp-content\/uploads\/2022\/10\/windows_drivers_3.jpg\" onclick=\"refreshIframe()\" class=\"foobox\" rel=\"nofollow noopener\"><img loading=\"lazy\" decoding=\"async\" src=\"https:\/\/www.europesays.com\/pt\/wp-content\/uploads\/2025\/10\/windows_drivers_3-1024x576.jpg\" alt=\"Windows 10 Microsoft Defender seguran\u00e7a\" width=\"720\" height=\"405\" class=\"aligncenter size-large wp-image-881590\"  \/><\/a><\/p>\n<p>O Defender atua como um escudo contra programas maliciosos, mas n\u00e3o consegue corrigir vulnerabilidades de seguran\u00e7a do pr\u00f3prio sistema operativo. Sem patches regulares da Microsoft, qualquer falha de seguran\u00e7a descoberta no Windows 10, a partir de outubro de 2025, permanecer\u00e1 exposta e dispon\u00edvel para explora\u00e7\u00e3o. Al\u00e9m disso, a funcionalidade do Defender nesta vers\u00e3o do sistema ficar\u00e1 estagnada.<\/p>\n<p>A prote\u00e7\u00e3o oferecida ainda garante a seguran\u00e7a?<\/p>\n<p>Perante este cen\u00e1rio de risco crescente, a Microsoft recomenda que os utilizadores fa\u00e7am a transi\u00e7\u00e3o para o Windows 11. Para aqueles cujos PCs n\u00e3o cumprem os requisitos de hardware ou que necessitam de mais tempo, a empresa criou o programa de Atualiza\u00e7\u00f5es de Seguran\u00e7a Estendidas (ESU). Esta op\u00e7\u00e3o permite que os dispositivos Windows 10 continuem a receber as corre\u00e7\u00f5es de seguran\u00e7a cr\u00edticas. <\/p>\n<p>Embora o programa ESU seja essencialmente pago, a Microsoft oferece aos utilizadores na Europa a possibilidade de terem um ano de atualiza\u00e7\u00f5es gratuitas mediante o registo numa conta Microsoft. O recurso a antiv\u00edrus de terceiros, embora seja uma alternativa v\u00e1lida na dete\u00e7\u00e3o de malware, n\u00e3o dispensa a necessidade de corre\u00e7\u00f5es do sistema. Isso s\u00f3 refor\u00e7a a import\u00e2ncia da migra\u00e7\u00e3o ou a ades\u00e3o ao ESU.<\/p>\n","protected":false},"excerpt":{"rendered":"O Windows 10 chegou ao fim e isso pode ser o in\u00edcio de problemas para muitos utilizadores. A&hellip;\n","protected":false},"author":2,"featured_media":118437,"comment_status":"","ping_status":"","sticky":false,"template":"","format":"standard","meta":{"footnotes":""},"categories":[84],"tags":[109,107,108,906,27602,32,33,105,103,104,1717,106,110,1731],"class_list":{"0":"post-118436","1":"post","2":"type-post","3":"status-publish","4":"format-standard","5":"has-post-thumbnail","7":"category-ciencia-e-tecnologia","8":"tag-ciencia","9":"tag-ciencia-e-tecnologia","10":"tag-cienciaetecnologia","11":"tag-microsoft","12":"tag-microsoft-defender","13":"tag-portugal","14":"tag-pt","15":"tag-science","16":"tag-science-and-technology","17":"tag-scienceandtechnology","18":"tag-seguranca","19":"tag-technology","20":"tag-tecnologia","21":"tag-windows-10"},"share_on_mastodon":{"url":"https:\/\/pubeurope.com\/@pt\/115405369101110905","error":""},"_links":{"self":[{"href":"https:\/\/www.europesays.com\/pt\/wp-json\/wp\/v2\/posts\/118436","targetHints":{"allow":["GET"]}}],"collection":[{"href":"https:\/\/www.europesays.com\/pt\/wp-json\/wp\/v2\/posts"}],"about":[{"href":"https:\/\/www.europesays.com\/pt\/wp-json\/wp\/v2\/types\/post"}],"author":[{"embeddable":true,"href":"https:\/\/www.europesays.com\/pt\/wp-json\/wp\/v2\/users\/2"}],"replies":[{"embeddable":true,"href":"https:\/\/www.europesays.com\/pt\/wp-json\/wp\/v2\/comments?post=118436"}],"version-history":[{"count":0,"href":"https:\/\/www.europesays.com\/pt\/wp-json\/wp\/v2\/posts\/118436\/revisions"}],"wp:featuredmedia":[{"embeddable":true,"href":"https:\/\/www.europesays.com\/pt\/wp-json\/wp\/v2\/media\/118437"}],"wp:attachment":[{"href":"https:\/\/www.europesays.com\/pt\/wp-json\/wp\/v2\/media?parent=118436"}],"wp:term":[{"taxonomy":"category","embeddable":true,"href":"https:\/\/www.europesays.com\/pt\/wp-json\/wp\/v2\/categories?post=118436"},{"taxonomy":"post_tag","embeddable":true,"href":"https:\/\/www.europesays.com\/pt\/wp-json\/wp\/v2\/tags?post=118436"}],"curies":[{"name":"wp","href":"https:\/\/api.w.org\/{rel}","templated":true}]}}