{"id":118438,"date":"2025-10-20T07:43:12","date_gmt":"2025-10-20T07:43:12","guid":{"rendered":"https:\/\/www.europesays.com\/pt\/118438\/"},"modified":"2025-10-20T07:43:12","modified_gmt":"2025-10-20T07:43:12","slug":"aviao-de-carga-derrapa-na-pista-do-aeroporto-de-hong-kong-e-faz-dois-mortos-jornal-de-noticias","status":"publish","type":"post","link":"https:\/\/www.europesays.com\/pt\/118438\/","title":{"rendered":"Avi\u00e3o de carga derrapa na pista do aeroporto de Hong Kong e faz dois mortos &#8211; Jornal de Not\u00edcias"},"content":{"rendered":"<ol>\n<li><a href=\"https:\/\/news.google.com\/rss\/articles\/CBMitgFBVV95cUxNeXl3NmJCNVJjaGwzT3BGRVFETFk2UERSMmVhVEhZM09RRElwR3JQQ0VwSDFjOTgwTG9YcTVwQXQ2eXNvaGI5UGk3Y3E3WU5pbE9keGExUEJKTUx0WXY1emZyVHIyejNERXJITG5wZWhNaDRFNVpvcnF0QkRQVURyX1h0NGplTEsyVnNjQThUaklmclRUMlNoSE1RdzE4UUYtaFRVNC1ZN3VrN0xUNHMzemxrMnFWQdIBqgFBVV95cUxNVEFFVW5fRFBvWkp4NmFpMzZnSnhTbzJTRm5Kd3phLUEzZ2ZOREZVekFoVW1QaGd4Y3FCUmVHSEFkbTdHQUZ4dF9JVmExMTBZTGVrSU5uWC1xbVBpcVE5Q0FMZk94RVA1bnE5MndEN19TODVDQlRkdkxRc1RJdV9Ud2c1TFNwSzVSLXhvVjhIR1otbjhZQUZmbW9GYy1LNGNBTXBWYUp1ZzFZZw?oc=5\" target=\"_blank\" rel=\"nofollow noopener\">Avi\u00e3o de carga derrapa na pista do aeroporto de Hong Kong e faz dois mortos<\/a>&nbsp;&nbsp;Jornal de Not\u00edcias<\/li>\n<li><a href=\"https:\/\/news.google.com\/rss\/articles\/CBMi7gFBVV95cUxOMXZUbzVuMXRGSFdmNXltMVFRMmZCbjZETUZhRnpzOEh6Ylo1dGFwVGZER3R6Rkt2NmlfalBNdkF6ZF9iSXJoTHZucGlVSkNMWDJpbTA4eWY2VlZOS19rMExBb3VJTV9TX0dkTnNkNEExRXBXZXp3amI5YVFKZ2t3MjJ2bzlQRUdjQzJrSE8wdVFBd0lMWkFNbG1aZ2NNZ0xlNFNETldScUtTY1ljZmc4N0pMbHlPblg1THgyNDJWN3Q5eFlBRENRZU52UjgtRnhPdzRwX2dGWjVwSXFLODdud09MZEZWMVh4WFRTZWdn0gH8AUFVX3lxTE50eTByX1pXTXUtRk9GSHEwYms3S0Y0d2tvUEh3MzJmazBhTEdsRVJ6QjVwaDd0dWo1c2planR6WGJTYkZpWXRVMDk5dzZNLVFfOGtjOW4tN1V2Ums1YThZVERVZWsxdlI2Ni1KZTBvX3pvVm1wekF0QlBJZ2lIU3U3Y3VqcUJ1cTlLOWEzSng2SFFTR3A5bEUwVmZBOTY2VDd4c0dGM1BscDdFajZ4T3VFRWk5M3NiNzFtUU81dlZyZm1nY2VrZjRaNlVNd0JHSFB4cnl2b1EzMVF4MEkxeXdMRUNCVGViMU52cjZic0hJQmJ3Ull5RFBYdlMtYQ?oc=5\" target=\"_blank\" rel=\"nofollow noopener\">Avi\u00e3o de carga derrapa na pista e cai no mar ao pousar em Hong Kong; duas pessoas morreram<\/a>&nbsp;&nbsp;G1<\/li>\n<li><a href=\"https:\/\/news.google.com\/rss\/articles\/CBMirAFBVV95cUxNZXhLUmtiS3ZiX3lZZkdpejFHWEgxUWxpajZzZUt3VE45TnZaZXJhbmwzMFRZaFhYMXZOQV9rcXptb3YwUHNveENsTFlrYXFkN05WeVI2dEZnSS1lX2dMYXVSbHVPcEphc216UDJwdjlBRndxblNXYS0zMXNla2JSRDM5WWtrU2pka3p5cXgxUjFwVE1NTm9DOFR1YXhzNGIxMVE2eFNFcnJPY3hk?oc=5\" target=\"_blank\" rel=\"nofollow noopener\">Avi\u00e3o cargueiro cai no mar durante pouso no Aeroporto de Hong Kong<\/a>&nbsp;&nbsp;Estad\u00e3o<\/li>\n<li><a href=\"https:\/\/news.google.com\/rss\/articles\/CBMixAFBVV95cUxPWHdBQ3hpRGNVWTVBNnNSeERaaGZJRkF3akJfd1czZjJ2dVZZMGlOS3RrZnBlcnEzVVUzdHB2c1licno0NnlyRFJiUlRPc1lzUFBpOHZHNkhtTy1IQ2hHbjF4WXdPdThib0NqMXBST0Qxcnl0Sll0SzVkZ3p5Nk9pdjY0SjB4cm4waG1ORmR5WExISldGMkEtQk1FOERycUNCR1ByNXVCbWhUUVdGR1M2clBzdjJ2djdVSVM3bjZjSkw2YmFu0gHEAUFVX3lxTE9Yd0FDeGlEY1VZNUE2c1J4RFpoZklGQXdqQl93VzNmMnZ1VlkwaU5LdGtmcGVycTNVVTN0cHZzWWJyejQ2eXJEUmJSVE9zWXNQUGk4dkc2SG1PLUhDaEduMXhZd091OGJvQ2oxcFJPRDFyeXRKWXRLNWRnenk2T2l2NjRKMHhybjBobU5GZHlYTEhKV0YyQS1CTUU4RHJxQ0JHUHI1dUJtaFRRV0ZHUzZyUHN2MnZ2N1VJUzduNmNKTDZiYW4?oc=5\" target=\"_blank\" rel=\"nofollow noopener\">Enorme avi\u00e3o Boeing 747 vai parar na \u00e1gua em acidente com colis\u00e3o durante o pouso; uma morte foi confirmada<\/a>&nbsp;&nbsp;AEROIN<\/li>\n<li><a href=\"https:\/\/news.google.com\/rss\/articles\/CBMiywFBVV95cUxQMHFQYlFEbmpXeFF5LVJPbW1ZYnFSN1B1UHpUajhXM0xVWUE0UV9ZS0w0T0NOMHR0VnMzeEI2bWFFN1BwSVJMVnlrUkZNajNjc1dGSy05alVOdkcyREZNZnZETjdKWS0wVVU0Qk43TVhwbVBmZUk5NGZ1dTF0V2JtMjhXXzZVdzVYc2pLaEZnYWpWa2w4bzA5MDdnSTNQdGpXVTJXMTgyMzJFQ2VneWZyZFh2bGhHMlBzQ3dYUXVpNVVCYnZLT2dpWVpsVQ?oc=5\" target=\"_blank\" rel=\"nofollow noopener\">\u2018Jumbo\u2019 bate em carro durante pouso, para no mar e deixa ao menos um morto<\/a>&nbsp;&nbsp;R7<\/li>\n<\/ol>\n","protected":false},"excerpt":{"rendered":"Avi\u00e3o de carga derrapa na pista do aeroporto de Hong Kong e faz dois mortos&nbsp;&nbsp;Jornal de Not\u00edcias Avi\u00e3o&hellip;\n","protected":false},"author":2,"featured_media":118439,"comment_status":"","ping_status":"","sticky":false,"template":"","format":"standard","meta":{"footnotes":""},"categories":[50],"tags":[324,27,28,15,16,14,12212,25,26,21,22,62,12,13,19,20,23,24,17,18,29,30,31,63,64,65],"class_list":{"0":"post-118438","1":"post","2":"type-post","3":"status-publish","4":"format-standard","5":"has-post-thumbnail","7":"category-mundo","8":"tag-aviao","9":"tag-breaking-news","10":"tag-breakingnews","11":"tag-featured-news","12":"tag-featurednews","13":"tag-headlines","14":"tag-hong-kong","15":"tag-latest-news","16":"tag-latestnews","17":"tag-main-news","18":"tag-mainnews","19":"tag-mundo","20":"tag-news","21":"tag-noticias","22":"tag-noticias-principais","23":"tag-noticiasprincipais","24":"tag-principais-noticias","25":"tag-principaisnoticias","26":"tag-top-stories","27":"tag-topstories","28":"tag-ultimas","29":"tag-ultimas-noticias","30":"tag-ultimasnoticias","31":"tag-world","32":"tag-world-news","33":"tag-worldnews"},"share_on_mastodon":{"url":"https:\/\/pubeurope.com\/@pt\/115405377029409215","error":""},"_links":{"self":[{"href":"https:\/\/www.europesays.com\/pt\/wp-json\/wp\/v2\/posts\/118438","targetHints":{"allow":["GET"]}}],"collection":[{"href":"https:\/\/www.europesays.com\/pt\/wp-json\/wp\/v2\/posts"}],"about":[{"href":"https:\/\/www.europesays.com\/pt\/wp-json\/wp\/v2\/types\/post"}],"author":[{"embeddable":true,"href":"https:\/\/www.europesays.com\/pt\/wp-json\/wp\/v2\/users\/2"}],"replies":[{"embeddable":true,"href":"https:\/\/www.europesays.com\/pt\/wp-json\/wp\/v2\/comments?post=118438"}],"version-history":[{"count":0,"href":"https:\/\/www.europesays.com\/pt\/wp-json\/wp\/v2\/posts\/118438\/revisions"}],"wp:featuredmedia":[{"embeddable":true,"href":"https:\/\/www.europesays.com\/pt\/wp-json\/wp\/v2\/media\/118439"}],"wp:attachment":[{"href":"https:\/\/www.europesays.com\/pt\/wp-json\/wp\/v2\/media?parent=118438"}],"wp:term":[{"taxonomy":"category","embeddable":true,"href":"https:\/\/www.europesays.com\/pt\/wp-json\/wp\/v2\/categories?post=118438"},{"taxonomy":"post_tag","embeddable":true,"href":"https:\/\/www.europesays.com\/pt\/wp-json\/wp\/v2\/tags?post=118438"}],"curies":[{"name":"wp","href":"https:\/\/api.w.org\/{rel}","templated":true}]}}