{"id":118442,"date":"2025-10-20T07:45:21","date_gmt":"2025-10-20T07:45:21","guid":{"rendered":"https:\/\/www.europesays.com\/pt\/118442\/"},"modified":"2025-10-20T07:45:21","modified_gmt":"2025-10-20T07:45:21","slug":"abel-ferreira-faz-mira-ao-arbitro-apos-polemica-no-maracana","status":"publish","type":"post","link":"https:\/\/www.europesays.com\/pt\/118442\/","title":{"rendered":"Abel Ferreira faz mira ao \u00e1rbitro ap\u00f3s pol\u00e9mica no Maracan\u00e3"},"content":{"rendered":"<p>Num jogo que pode muito bem ser decisivo na luta pelo t\u00edtulo, o <a target=\"_blank\" class=\"editor-link autolink-enabled\" href=\"https:\/\/www.abola.pt\/futebol\/flamengo-175\" data-resource-id=\"175\" data-resource-type=\"team\" data-sport=\"football\" rel=\"nofollow noopener\">Flamengo<\/a> recebeu e venceu o <a target=\"_blank\" class=\"editor-link autolink-enabled\" href=\"https:\/\/www.abola.pt\/futebol\/palmeiras-174\" data-resource-id=\"174\" data-resource-type=\"team\" data-sport=\"football\" rel=\"nofollow noopener\">Palmeiras<\/a>, por 3-2, mas a partida ficou marcada tamb\u00e9m pela pol\u00e9mica desde o primeiro minuto at\u00e9 ao \u00faltimo minutos. Em campo, Abel Ferreira ficou furioso com algumas decis\u00f5es da equipa arbitragem, mas, em confer\u00eancia de imprensa, n\u00e3o as quis comentar.<\/p>\n<p>\u00abDo \u00e1rbitro, especificamente, n\u00e3o vou falar. Os lances est\u00e3o a\u00ed, todos viram. Em rela\u00e7\u00e3o ao jogo, entr\u00e1mos muito bem. Do outro lado, uma equipa com excelentes jogadores e muito bem treinada. Infelizmente, n\u00e3o conseguimos entrar mais cedo no jogo no segundo tempo. Tivemos aqui e ali uma situa\u00e7\u00e3o ou outra em termos de efic\u00e1cia de passe que nos prejudicou\u00bb, come\u00e7ou por dizer, voltando a ser questionado sobre o \u00e1rbitro.<\/p>\n<p>\u00abN\u00e3o vou falar, j\u00e1 disse que n\u00e3o vou falar. J\u00e1 falei o suficiente, j\u00e1 fui expulso. E s\u00f3 agora \u00e9 que lembraram. Quando eu fui expulso e levei amarelos, ningu\u00e9m falava dos \u00e1rbitros\u00bb, atirou, respondendo \u00e0 imprensa brasileira e fazendo acusa\u00e7\u00f5es graves a Wilton Pereira Sampaio. \u00ab\u00c9 o melhor \u00e1rbitro brasileiro. As coisas com esse \u00e1rbitro n\u00e3o funcionam muito bem, j\u00e1 me expulsou umas quatro ou cinco vezes. A forma como falou com os meus jogadores no final, desligou o microfone&#8230; enfim. Todos t\u00eam de melhorar. Eu, os meus jogadores, voc\u00eas [imprensa] e os \u00e1rbitros\u00bb, afirmou, desvalorizando o erro de Moreno no terceiro golo do oponente.<\/p>\n<p>\u00abQuando estamos a sair a jogar, h\u00e1 determinados passe que n\u00e3o podemos falhar. Futebol \u00e9 feito de erros, eu sou o primeiro que erro. Independentemente do resultado negativo, sinto orgulho muito grande do que a minha equipa fez\u00bb, garantiu. \u00abPen\u00e1lti? \u00c9 verdade, o Bruno pode evitar a situa\u00e7\u00e3o [do pis\u00e3o], mas temos de ver o que se passa antes. O Bruno \u00e9 lan\u00e7ado ao ch\u00e3o. Se fosse no basquetebol, era falta do atacante. Mas n\u00e3o \u00e9 basquetebol, \u00e9 futebol. O \u00e1rbitro decide. O Pedro d\u00e1 um empurr\u00e3o e tira vantagem\u00bb, acrescentou.<\/p>\n<p>\u00abSaio triste pelo resultado, mas orgulhoso do comportamento da minha equipa at\u00e9 o \u00faltimo segundo. E o <a class=\"autolink-enabled\" data-resource-id=\"175\" data-resource-type=\"team\" data-sport=\"football\" href=\"https:\/\/www.abola.pt\/futebol\/flamengo-175\" rel=\"nofollow noopener\" target=\"_blank\">Flamengo<\/a> \u00e9 uma excelente equipa com um excelente treinador, n\u00e3o precisa de&#8230; [fazer] outras coisas. O <a class=\"autolink-enabled\" data-resource-id=\"175\" data-resource-type=\"team\" data-sport=\"football\" href=\"https:\/\/www.abola.pt\/futebol\/flamengo-175\" rel=\"nofollow noopener\" target=\"_blank\">Flamengo<\/a> \u00e9 bom o suficiente para dividir o jogo contra com qualquer equipa no Brasil\u00bb, finalizou, saindo da sala de confer\u00eancia.<\/p>\n<p><a target=\"_blank\" class=\"editor-link autolink-enabled\" href=\"https:\/\/www.abola.pt\/futebol\/jogador\/gustavo-gomez-5341\" data-resource-id=\"5341\" data-resource-type=\"player\" data-sport=\"football\" rel=\"nofollow noopener\">Gustavo G\u00f3mez<\/a>, capit\u00e3o do <a target=\"_blank\" class=\"editor-link autolink-enabled\" href=\"https:\/\/www.abola.pt\/futebol\/palmeiras-174\" data-resource-id=\"174\" data-resource-type=\"team\" data-sport=\"football\" rel=\"nofollow noopener\">Palmeiras<\/a>, foi da opini\u00e3o do seu treinador, lamentando a presta\u00e7\u00e3o do \u00e1rbitro no jogo. \u00abTem algo contra o sucesso do <a target=\"_blank\" class=\"editor-link autolink-enabled\" href=\"https:\/\/www.abola.pt\/futebol\/palmeiras-174\" data-resource-id=\"174\" data-resource-type=\"team\" data-sport=\"football\" rel=\"nofollow noopener\">Palmeiras<\/a>\u00bb, disse, afirmando que o \u00e1rbitro o insultou durante o jogo e que desligou o microfone para o momento n\u00e3o ficar gravado, mas n\u00e3o revelou o que lhe foi dito.<\/p>\n","protected":false},"excerpt":{"rendered":"Num jogo que pode muito bem ser decisivo na luta pelo t\u00edtulo, o Flamengo recebeu e venceu o&hellip;\n","protected":false},"author":2,"featured_media":118443,"comment_status":"","ping_status":"","sticky":false,"template":"","format":"standard","meta":{"footnotes":""},"categories":[8],"tags":[27,28,15,16,14,25,26,21,22,12,13,19,20,32,23,24,33,17,18,29,30,31],"class_list":{"0":"post-118442","1":"post","2":"type-post","3":"status-publish","4":"format-standard","5":"has-post-thumbnail","7":"category-principais-noticias","8":"tag-breaking-news","9":"tag-breakingnews","10":"tag-featured-news","11":"tag-featurednews","12":"tag-headlines","13":"tag-latest-news","14":"tag-latestnews","15":"tag-main-news","16":"tag-mainnews","17":"tag-news","18":"tag-noticias","19":"tag-noticias-principais","20":"tag-noticiasprincipais","21":"tag-portugal","22":"tag-principais-noticias","23":"tag-principaisnoticias","24":"tag-pt","25":"tag-top-stories","26":"tag-topstories","27":"tag-ultimas","28":"tag-ultimas-noticias","29":"tag-ultimasnoticias"},"share_on_mastodon":{"url":"https:\/\/pubeurope.com\/@pt\/115405384843246404","error":""},"_links":{"self":[{"href":"https:\/\/www.europesays.com\/pt\/wp-json\/wp\/v2\/posts\/118442","targetHints":{"allow":["GET"]}}],"collection":[{"href":"https:\/\/www.europesays.com\/pt\/wp-json\/wp\/v2\/posts"}],"about":[{"href":"https:\/\/www.europesays.com\/pt\/wp-json\/wp\/v2\/types\/post"}],"author":[{"embeddable":true,"href":"https:\/\/www.europesays.com\/pt\/wp-json\/wp\/v2\/users\/2"}],"replies":[{"embeddable":true,"href":"https:\/\/www.europesays.com\/pt\/wp-json\/wp\/v2\/comments?post=118442"}],"version-history":[{"count":0,"href":"https:\/\/www.europesays.com\/pt\/wp-json\/wp\/v2\/posts\/118442\/revisions"}],"wp:featuredmedia":[{"embeddable":true,"href":"https:\/\/www.europesays.com\/pt\/wp-json\/wp\/v2\/media\/118443"}],"wp:attachment":[{"href":"https:\/\/www.europesays.com\/pt\/wp-json\/wp\/v2\/media?parent=118442"}],"wp:term":[{"taxonomy":"category","embeddable":true,"href":"https:\/\/www.europesays.com\/pt\/wp-json\/wp\/v2\/categories?post=118442"},{"taxonomy":"post_tag","embeddable":true,"href":"https:\/\/www.europesays.com\/pt\/wp-json\/wp\/v2\/tags?post=118442"}],"curies":[{"name":"wp","href":"https:\/\/api.w.org\/{rel}","templated":true}]}}