{"id":118452,"date":"2025-10-20T07:57:11","date_gmt":"2025-10-20T07:57:11","guid":{"rendered":"https:\/\/www.europesays.com\/pt\/118452\/"},"modified":"2025-10-20T07:57:11","modified_gmt":"2025-10-20T07:57:11","slug":"morreu-aos-91-anos-sofia-corradi-fundadora-do-programa-erasmus","status":"publish","type":"post","link":"https:\/\/www.europesays.com\/pt\/118452\/","title":{"rendered":"Morreu aos 91 anos Sofia Corradi, fundadora do programa Erasmus"},"content":{"rendered":"<p>\n  De&amp;nbsp<b>Euronews<\/b>\n<\/p>\n<p>\n         Publicado a<br \/>\n            19\/10\/2025 &#8211; 13:21 GMT+2\n            <\/p>\n<p>          <img decoding=\"async\" class=\"c-ad__placeholder__logo\" src=\"https:\/\/static.euronews.com\/website\/images\/logos\/logo-euronews-stacked-outlined-72x72-grey-9.svg\" width=\"72\" height=\"72\" alt=\"\" loading=\"lazy\"\/><br \/>\n          PUBLICIDADE<\/p>\n<p>Faleceu aos 91 anos em Roma Sofia Corradi, professora catedr\u00e1tica de Ci\u00eancias da Educa\u00e7\u00e3o na Universidade Roma 3, conhecida como &#8216;<a href=\"https:\/\/pt.euronews.com\/my-europe\/2024\/10\/08\/como-e-que-os-cortes-no-erasmus-vao-afetar-os-estudantes-e-as-economias-das-cidades-de-des\" rel=\"nofollow noopener\" target=\"_blank\"><strong>m\u00e3e do Erasmus<\/strong><\/a>&#8216;.<\/p>\n<p>Corradi foi a criadora do programa que levou e continua a levar milhares de jovens estudantes a viajar pela Europa todos os anos.<\/p>\n<p>A not\u00edcia foi divulgada pela fam\u00edlia da professora, que recordou uma mulher \u201cde grande energia e generosidade intelectual e afetiva\u201d.<\/p>\n<p>Como nasceu o projeto Erasmus<\/p>\n<p>Ap\u00f3s estudar Direito na La Sapienza de Roma, com uma bolsa de estudo Fulbright em 1957, obteve o \u201cMaster in Comparative Law\u201d na Universidade de Columbia, nos Estados Unidos. Ao regressar a It\u00e1lia, <strong>a universidade n\u00e3o reconheceu o mestrado obtido no estrangeiro<\/strong> e pediu-lhe que completasse o curso de estudos regular. Corradi, <a href=\"https:\/\/www.rainews.it\/video\/2025\/10\/sofia-corradi-il-programma-erasmus-nacque-da-una-delusione-personale-da19d380-0659-4783-9a3a-c5fa0ab2318d.html\" target=\"_blank\" rel=\"noreferrer nofollow noopener\">numa entrevista dada \u00e0 Rai<\/a>, contou que foi <strong>insultada pelo pessoal administrativo<\/strong>, que afirmava que a professora tinha ido divertir-se aos Estados Unidos e n\u00e3o estudar.<\/p>\n<p>Tornou-se consultora cient\u00edfica da Associa\u00e7\u00e3o dos Reitores das Universidades Italianas e, gra\u00e7as \u00e0 sua experi\u00eancia no estrangeiro, em 1969 <strong>elaborou um memorando que continha o embri\u00e3o do projeto Erasmus.<\/strong><\/p>\n<p>Corradi prop\u00f4s que um estudante pudesse realizar parte do seu plano de estudos em universidades estrangeiras, ap\u00f3s aprova\u00e7\u00e3o pr\u00e9via do Conselho de Faculdade.<\/p>\n<p>A proposta foi acolhida pelo ministro da Educa\u00e7\u00e3o, Mario Ferrari Aggradi, que a usou como base para um projeto de reforma universit\u00e1ria em It\u00e1lia, mas, devido ao fim prematuro da legislatura, <strong>nunca foi implementada.<\/strong><\/p>\n<p>Cerca de dez anos depois, em 1976, o projeto idealizado por Corradi foi elevado a n\u00edvel europeu por uma resolu\u00e7\u00e3o da CEE que incentivava o interc\u00e2mbio de estudantes entre universidades de diferentes pa\u00edses. Assim nasceu o Joint Study Program que, durante dez anos, <strong>permitiu experimentar o modelo idealizado pela professora.<\/strong><\/p>\n<p>Em 1987, sob o impulso da associa\u00e7\u00e3o estudantil Egee, fundada pelo pol\u00edtico franc\u00eas Franck Bianchieri e apoiada pelo presidente franc\u00eas Fran\u00e7ois Mitterrand, <strong>foi aprovado o primeiro programa Erasmus<\/strong>, sob a dire\u00e7\u00e3o de Domenico Lenarduzzi, Diretor na Dire\u00e7\u00e3o-Geral de Cultura e Educa\u00e7\u00e3o da Comiss\u00e3o Europeia em Bruxelas.<\/p>\n<p>Na mesma entrevista, Corradi contou com entusiasmo e emo\u00e7\u00e3o as cartas que recebeu ao longo dos anos, com agradecimentos dos estudantes que participaram no programa europeu.<\/p>\n","protected":false},"excerpt":{"rendered":"De&amp;nbspEuronews Publicado a 19\/10\/2025 &#8211; 13:21 GMT+2 PUBLICIDADE Faleceu aos 91 anos em Roma Sofia Corradi, professora catedr\u00e1tica&hellip;\n","protected":false},"author":2,"featured_media":118453,"comment_status":"","ping_status":"","sticky":false,"template":"","format":"standard","meta":{"footnotes":""},"categories":[50],"tags":[27,28,1834,15,16,208,14,233,25,26,21,22,62,12,13,19,20,23,24,17,18,29,30,31,3062,63,64,65],"class_list":{"0":"post-118452","1":"post","2":"type-post","3":"status-publish","4":"format-standard","5":"has-post-thumbnail","7":"category-mundo","8":"tag-breaking-news","9":"tag-breakingnews","10":"tag-comissao-europeia","11":"tag-featured-news","12":"tag-featurednews","13":"tag-franca","14":"tag-headlines","15":"tag-italia","16":"tag-latest-news","17":"tag-latestnews","18":"tag-main-news","19":"tag-mainnews","20":"tag-mundo","21":"tag-news","22":"tag-noticias","23":"tag-noticias-principais","24":"tag-noticiasprincipais","25":"tag-principais-noticias","26":"tag-principaisnoticias","27":"tag-top-stories","28":"tag-topstories","29":"tag-ultimas","30":"tag-ultimas-noticias","31":"tag-ultimasnoticias","32":"tag-universidade","33":"tag-world","34":"tag-world-news","35":"tag-worldnews"},"share_on_mastodon":{"url":"https:\/\/pubeurope.com\/@pt\/115405432074156575","error":""},"_links":{"self":[{"href":"https:\/\/www.europesays.com\/pt\/wp-json\/wp\/v2\/posts\/118452","targetHints":{"allow":["GET"]}}],"collection":[{"href":"https:\/\/www.europesays.com\/pt\/wp-json\/wp\/v2\/posts"}],"about":[{"href":"https:\/\/www.europesays.com\/pt\/wp-json\/wp\/v2\/types\/post"}],"author":[{"embeddable":true,"href":"https:\/\/www.europesays.com\/pt\/wp-json\/wp\/v2\/users\/2"}],"replies":[{"embeddable":true,"href":"https:\/\/www.europesays.com\/pt\/wp-json\/wp\/v2\/comments?post=118452"}],"version-history":[{"count":0,"href":"https:\/\/www.europesays.com\/pt\/wp-json\/wp\/v2\/posts\/118452\/revisions"}],"wp:featuredmedia":[{"embeddable":true,"href":"https:\/\/www.europesays.com\/pt\/wp-json\/wp\/v2\/media\/118453"}],"wp:attachment":[{"href":"https:\/\/www.europesays.com\/pt\/wp-json\/wp\/v2\/media?parent=118452"}],"wp:term":[{"taxonomy":"category","embeddable":true,"href":"https:\/\/www.europesays.com\/pt\/wp-json\/wp\/v2\/categories?post=118452"},{"taxonomy":"post_tag","embeddable":true,"href":"https:\/\/www.europesays.com\/pt\/wp-json\/wp\/v2\/tags?post=118452"}],"curies":[{"name":"wp","href":"https:\/\/api.w.org\/{rel}","templated":true}]}}