{"id":118454,"date":"2025-10-20T07:58:50","date_gmt":"2025-10-20T07:58:50","guid":{"rendered":"https:\/\/www.europesays.com\/pt\/118454\/"},"modified":"2025-10-20T07:58:50","modified_gmt":"2025-10-20T07:58:50","slug":"inesperado-curso-de-pracas-do-exercito-termina-com-pedido-de-casamento","status":"publish","type":"post","link":"https:\/\/www.europesays.com\/pt\/118454\/","title":{"rendered":"&#8220;Inesperado&#8221;. Curso de Pra\u00e7as do Ex\u00e9rcito termina com pedido de casamento"},"content":{"rendered":"<p>O 3.\u00ba Curso de Pra\u00e7as do Quadro Permanente do Ex\u00e9rcito Portugu\u00eas terminou de forma &#8220;inesperada&#8221; na Escola das Armas, em Mafra. Segundo contou o ramo terrestre das For\u00e7as Armadas, um dos formandos, &#8220;num momento inesperado e comovente&#8221;, decidiu pedir a namorada em casamento.<\/p>\n<p>&#8220;O encerramento do 3.\u00ba Curso de Pra\u00e7as do Quadro Permanente ficou marcado pelo orgulho, disciplina e sentimento de miss\u00e3o cumprida. Num momento inesperado e comovente, um dos formandos surpreendeu todos com um pedido de casamento&#8221;, l\u00ea-se numa publica\u00e7\u00e3o partilhada este domingo nas redes sociais.\u00a0<\/p>\n<p>Este gesto, destacou o Ex\u00e9rcito, &#8220;mostrou que o compromisso com a miss\u00e3o se fortalece quando h\u00e1 amor, apoio e uni\u00e3o&#8221;.<\/p>\n<p>&#8220;Partilhado entre camaradas e familiares, este momento evidenciou que a for\u00e7a de um militar tamb\u00e9m se reflete na estabilidade emocional e familiar, pilares essenciais no servi\u00e7o \u00e0 P\u00e1tria&#8221;, acrescentou.<\/p>\n<p>Sublinhe-se que a Cerim\u00f3nia de Ingresso do 3.\u00ba Curso de Forma\u00e7\u00e3o de Pra\u00e7as dos Quadros Permanentes realizou-se no passado dia 10 de outubro, na Escola das Armas, em Mafra, e foi presidida pelo Chefe do Estado-Maior do Ex\u00e9rcito, o general Eduardo Mendes Ferr\u00e3o.<\/p>\n<p>No total, 112 militares &#8220;conclu\u00edram com \u00eaxito&#8221; o &#8220;percurso exigente&#8221; que marca o in\u00edcio de uma carreira nos Quadros Permanentes do Ex\u00e9rcito Portugu\u00eas.\u00a0<\/p>\n<p>Leia Tamb\u00e9m: <a href=\"https:\/\/www.noticiasaominuto.com\/pais\/2871619\/exercito-portugues-conquista-podio-na-prova-tuy-santiago-2025-as-fotos\" target=\"_blank\" rel=\"noopener noreferrer nofollow\">Ex\u00e9rcito Portugu\u00eas conquista p\u00f3dio na Prova Tuy-Santiago 2025. As fotos<\/a><\/p>\n","protected":false},"excerpt":{"rendered":"O 3.\u00ba Curso de Pra\u00e7as do Quadro Permanente do Ex\u00e9rcito Portugu\u00eas terminou de forma &#8220;inesperada&#8221; na Escola das&hellip;\n","protected":false},"author":2,"featured_media":118455,"comment_status":"","ping_status":"","sticky":false,"template":"","format":"standard","meta":{"footnotes":""},"categories":[10],"tags":[27,28,15,16,14,25,26,21,22,12,13,19,20,32,23,24,33,17,18,29,30,31],"class_list":{"0":"post-118454","1":"post","2":"type-post","3":"status-publish","4":"format-standard","5":"has-post-thumbnail","7":"category-portugal","8":"tag-breaking-news","9":"tag-breakingnews","10":"tag-featured-news","11":"tag-featurednews","12":"tag-headlines","13":"tag-latest-news","14":"tag-latestnews","15":"tag-main-news","16":"tag-mainnews","17":"tag-news","18":"tag-noticias","19":"tag-noticias-principais","20":"tag-noticiasprincipais","21":"tag-portugal","22":"tag-principais-noticias","23":"tag-principaisnoticias","24":"tag-pt","25":"tag-top-stories","26":"tag-topstories","27":"tag-ultimas","28":"tag-ultimas-noticias","29":"tag-ultimasnoticias"},"share_on_mastodon":{"url":"https:\/\/pubeurope.com\/@pt\/115405439957335956","error":""},"_links":{"self":[{"href":"https:\/\/www.europesays.com\/pt\/wp-json\/wp\/v2\/posts\/118454","targetHints":{"allow":["GET"]}}],"collection":[{"href":"https:\/\/www.europesays.com\/pt\/wp-json\/wp\/v2\/posts"}],"about":[{"href":"https:\/\/www.europesays.com\/pt\/wp-json\/wp\/v2\/types\/post"}],"author":[{"embeddable":true,"href":"https:\/\/www.europesays.com\/pt\/wp-json\/wp\/v2\/users\/2"}],"replies":[{"embeddable":true,"href":"https:\/\/www.europesays.com\/pt\/wp-json\/wp\/v2\/comments?post=118454"}],"version-history":[{"count":0,"href":"https:\/\/www.europesays.com\/pt\/wp-json\/wp\/v2\/posts\/118454\/revisions"}],"wp:featuredmedia":[{"embeddable":true,"href":"https:\/\/www.europesays.com\/pt\/wp-json\/wp\/v2\/media\/118455"}],"wp:attachment":[{"href":"https:\/\/www.europesays.com\/pt\/wp-json\/wp\/v2\/media?parent=118454"}],"wp:term":[{"taxonomy":"category","embeddable":true,"href":"https:\/\/www.europesays.com\/pt\/wp-json\/wp\/v2\/categories?post=118454"},{"taxonomy":"post_tag","embeddable":true,"href":"https:\/\/www.europesays.com\/pt\/wp-json\/wp\/v2\/tags?post=118454"}],"curies":[{"name":"wp","href":"https:\/\/api.w.org\/{rel}","templated":true}]}}