{"id":118456,"date":"2025-10-20T07:59:20","date_gmt":"2025-10-20T07:59:20","guid":{"rendered":"https:\/\/www.europesays.com\/pt\/118456\/"},"modified":"2025-10-20T07:59:20","modified_gmt":"2025-10-20T07:59:20","slug":"benfica-e-fc-porto-seguem-a-mesma-perola-brasileira","status":"publish","type":"post","link":"https:\/\/www.europesays.com\/pt\/118456\/","title":{"rendered":"Benfica e FC Porto seguem a mesma p\u00e9rola brasileira"},"content":{"rendered":"<p><a class=\"autolink-enabled\" data-resource-id=\"450\" data-resource-type=\"team\" data-sport=\"football\" href=\"https:\/\/www.abola.pt\/futebol\/benfica-450\" rel=\"nofollow noopener\" target=\"_blank\">Benfica<\/a> e <a target=\"_blank\" class=\"editor-link\" href=\"https:\/\/onefootball.com\/fr\/equipe\/fc-porto-13\" rel=\"nofollow noopener\"><a class=\"autolink-enabled\" data-resource-id=\"451\" data-resource-type=\"team\" data-sport=\"football\" href=\"https:\/\/www.abola.pt\/futebol\/fc-porto-451\" rel=\"nofollow noopener\" target=\"_blank\">FC Porto<\/a> seguem o mesmo jogador, garantem no Brasil. Em causa, Rhuan Gabriel, m\u00e9dio-ofensivo do Cruzeiro, de apenas 19 anos, mas que teve direito a palco no Mundial de sub-20.<\/p>\n<p>De acordo com o portal Central da Toca, que acompanha de perto temas da vida do Cruzeiro, os dois grandes portugueses pediram informa\u00e7\u00f5es sobre o jogador, que j\u00e1 deixou a competi\u00e7\u00e3o realizada no Chile, com a elimina\u00e7\u00e3o do Brasil na fase de grupos. Rhuan fez dois jogos e esteve em campo 66 minutos.<\/p>\n<p>A mesma publica\u00e7\u00e3o refere que o Cruzeiro est\u00e1 alerta para o interesse de clubes importantes do futebol europeu na sua fornada jovem, que \u00e9 vista como muito prometedora. Dessa forma, Rhuan Gabriel foi convidado a renovar o seu contrato h\u00e1 algumas semanas, ficando ligado ao Cruzeiro at\u00e9 2029 e com cl\u00e1usula de rescis\u00e3o de \u20ac100 milh\u00f5es.<\/p>\n<p>O treinador portugu\u00eas Leonardo Jardim ainda n\u00e3o concedeu a estreia a Rhuan Gabriel na equipa principal, mas garante-se em Belo Horizonte que tal pode acontecer brevemente, dado que estar\u00e1 a preparar o jogador.<\/p>\n<p>O Brasil, recorde-se, foi eliminado ap\u00f3s apenas tr\u00eas jogos, com duas derrotas, terminando em \u00faltimo lugar do Grupo C.<\/p>\n","protected":false},"excerpt":{"rendered":"Benfica e FC Porto seguem o mesmo jogador, garantem no Brasil. Em causa, Rhuan Gabriel, m\u00e9dio-ofensivo do Cruzeiro,&hellip;\n","protected":false},"author":2,"featured_media":118457,"comment_status":"","ping_status":"","sticky":false,"template":"","format":"standard","meta":{"footnotes":""},"categories":[8],"tags":[27,28,15,16,14,25,26,21,22,12,13,19,20,32,23,24,33,17,18,29,30,31],"class_list":{"0":"post-118456","1":"post","2":"type-post","3":"status-publish","4":"format-standard","5":"has-post-thumbnail","7":"category-principais-noticias","8":"tag-breaking-news","9":"tag-breakingnews","10":"tag-featured-news","11":"tag-featurednews","12":"tag-headlines","13":"tag-latest-news","14":"tag-latestnews","15":"tag-main-news","16":"tag-mainnews","17":"tag-news","18":"tag-noticias","19":"tag-noticias-principais","20":"tag-noticiasprincipais","21":"tag-portugal","22":"tag-principais-noticias","23":"tag-principaisnoticias","24":"tag-pt","25":"tag-top-stories","26":"tag-topstories","27":"tag-ultimas","28":"tag-ultimas-noticias","29":"tag-ultimasnoticias"},"share_on_mastodon":{"url":"https:\/\/pubeurope.com\/@pt\/115405440017554395","error":""},"_links":{"self":[{"href":"https:\/\/www.europesays.com\/pt\/wp-json\/wp\/v2\/posts\/118456","targetHints":{"allow":["GET"]}}],"collection":[{"href":"https:\/\/www.europesays.com\/pt\/wp-json\/wp\/v2\/posts"}],"about":[{"href":"https:\/\/www.europesays.com\/pt\/wp-json\/wp\/v2\/types\/post"}],"author":[{"embeddable":true,"href":"https:\/\/www.europesays.com\/pt\/wp-json\/wp\/v2\/users\/2"}],"replies":[{"embeddable":true,"href":"https:\/\/www.europesays.com\/pt\/wp-json\/wp\/v2\/comments?post=118456"}],"version-history":[{"count":0,"href":"https:\/\/www.europesays.com\/pt\/wp-json\/wp\/v2\/posts\/118456\/revisions"}],"wp:featuredmedia":[{"embeddable":true,"href":"https:\/\/www.europesays.com\/pt\/wp-json\/wp\/v2\/media\/118457"}],"wp:attachment":[{"href":"https:\/\/www.europesays.com\/pt\/wp-json\/wp\/v2\/media?parent=118456"}],"wp:term":[{"taxonomy":"category","embeddable":true,"href":"https:\/\/www.europesays.com\/pt\/wp-json\/wp\/v2\/categories?post=118456"},{"taxonomy":"post_tag","embeddable":true,"href":"https:\/\/www.europesays.com\/pt\/wp-json\/wp\/v2\/tags?post=118456"}],"curies":[{"name":"wp","href":"https:\/\/api.w.org\/{rel}","templated":true}]}}