{"id":11846,"date":"2025-08-01T17:20:08","date_gmt":"2025-08-01T17:20:08","guid":{"rendered":"https:\/\/www.europesays.com\/pt\/11846\/"},"modified":"2025-08-01T17:20:08","modified_gmt":"2025-08-01T17:20:08","slug":"jason-momoa-tira-a-barba-pela-primeira-vez-em-6-anos-odiei-veja-resultado","status":"publish","type":"post","link":"https:\/\/www.europesays.com\/pt\/11846\/","title":{"rendered":"Jason Momoa tira a barba pela primeira vez em 6 anos: &#8216;Odiei&#8217;; veja resultado"},"content":{"rendered":"<p>\n                        Ator raspou o rosto para o terceiro filme da franquia &#8216;Duna&#8217;\n                    <\/p>\n<p><img loading=\"lazy\" decoding=\"async\" alt=\"Jason Momoa teve de mudar o visual para novo filme\" class=\"img-f32fd19cb01574a18f09ba61c1877bb5s74cxt0x\" height=\"968\" src=\"https:\/\/www.europesays.com\/pt\/wp-content\/uploads\/2025\/08\/1651560571-lb4a523uobl5xk7axhzuikiagq.jpg\"  title=\"Jason Momoa teve de mudar o visual para novo filme\" width=\"774\"\/><\/p>\n<p>Jason Momoa teve de mudar o visual para novo filme<\/p>\n<p>Foto: Instagram\/@prideofgypsies \/ Estad\u00e3o<\/p>\n<p class=\"text\"><b>Jason Momoa<\/b> \u00e9 conhecido por sua barba &#8211; mas teve de rasp\u00e1-la para atuar no ainda in\u00e9dito terceiro filme da franquia Duna.<\/p>\n<p class=\"text\">O ator compartilhou a raspagem e o resultado em seu perfil do Instagram, e confessou n\u00e3o ter aprovado o novo visual. &#8220;S\u00f3 por voc\u00ea, Denis [Villeneuve, diretor de Duna]&#8221;, disse. &#8220;Eu odiei&#8221;. Veja abaixo:<\/p>\n<p><img alt=\"Jason Momoa mostra antes e depois de raspar a barba\" class=\"img-8f596d9df8e86c33c2a3bfbfc36bdfcfmytp52ye\" decoding=\"async\" height=\"581\" loading=\"lazy\" src=\"https:\/\/www.europesays.com\/pt\/wp-content\/uploads\/2025\/08\/625212100-owbj5aq6drabbo37bjf75onhbe.jpg\"  title=\"Jason Momoa mostra antes e depois de raspar a barba\" width=\"774\"\/><\/p>\n<p>Jason Momoa mostra antes e depois de raspar a barba<\/p>\n<p>Foto: Reprodu\u00e7\u00e3o\/@prideofgypsies via Instagram \/ Estad\u00e3o<\/p>\n<p class=\"text\">Momoa ainda contou que estava h\u00e1 seis anos sem eliminar completamente os pelos do rosto.<\/p>\n<p class=\"text\">As grava\u00e7\u00f5es de Duna: Parte 3 j\u00e1 come\u00e7aram, e o filme deve chegar aos cinemas ao fim de 2026. Momoa participou do primeiro filme no papel de Duncan Idaho, mentor de Paul Atreides (Timoth\u00e9e Chalamet).<\/p>\n<blockquote class=\"instagram-media\" data-instgrm-captioned=\"\" data-instgrm-permalink=\"https:\/\/www.instagram.com\/reel\/DMvJ-pfxHiy\/?utm_source=ig_embed&amp;utm_campaign=loading\" data-instgrm-version=\"14\" style=\" background:#FFF; border:0; border-radius:3px; box-shadow:0 0 1px 0 rgba(0,0,0,0.5),0 1px 10px 0 rgba(0,0,0,0.15); margin: 1px; max-width:658px; min-width:326px; padding:0; width:99.375%; width:-webkit-calc(100% - 2px); width:calc(100% - 2px);\">\n<\/blockquote>\n<p>                            <script async src=\"\/\/www.instagram.com\/embed.js\"><\/script><\/p>\n","protected":false},"excerpt":{"rendered":"Ator raspou o rosto para o terceiro filme da franquia &#8216;Duna&#8217; Jason Momoa teve de mudar o visual&hellip;\n","protected":false},"author":2,"featured_media":11847,"comment_status":"","ping_status":"","sticky":false,"template":"","format":"standard","meta":{"footnotes":""},"categories":[145],"tags":[211,210,114,115,4741,32,33],"class_list":{"0":"post-11846","1":"post","2":"type-post","3":"status-publish","4":"format-standard","5":"has-post-thumbnail","7":"category-celebridades","8":"tag-celebridades","9":"tag-celebrities","10":"tag-entertainment","11":"tag-entretenimento","12":"tag-jason-momoa","13":"tag-portugal","14":"tag-pt"},"share_on_mastodon":{"url":"","error":""},"_links":{"self":[{"href":"https:\/\/www.europesays.com\/pt\/wp-json\/wp\/v2\/posts\/11846","targetHints":{"allow":["GET"]}}],"collection":[{"href":"https:\/\/www.europesays.com\/pt\/wp-json\/wp\/v2\/posts"}],"about":[{"href":"https:\/\/www.europesays.com\/pt\/wp-json\/wp\/v2\/types\/post"}],"author":[{"embeddable":true,"href":"https:\/\/www.europesays.com\/pt\/wp-json\/wp\/v2\/users\/2"}],"replies":[{"embeddable":true,"href":"https:\/\/www.europesays.com\/pt\/wp-json\/wp\/v2\/comments?post=11846"}],"version-history":[{"count":0,"href":"https:\/\/www.europesays.com\/pt\/wp-json\/wp\/v2\/posts\/11846\/revisions"}],"wp:featuredmedia":[{"embeddable":true,"href":"https:\/\/www.europesays.com\/pt\/wp-json\/wp\/v2\/media\/11847"}],"wp:attachment":[{"href":"https:\/\/www.europesays.com\/pt\/wp-json\/wp\/v2\/media?parent=11846"}],"wp:term":[{"taxonomy":"category","embeddable":true,"href":"https:\/\/www.europesays.com\/pt\/wp-json\/wp\/v2\/categories?post=11846"},{"taxonomy":"post_tag","embeddable":true,"href":"https:\/\/www.europesays.com\/pt\/wp-json\/wp\/v2\/tags?post=11846"}],"curies":[{"name":"wp","href":"https:\/\/api.w.org\/{rel}","templated":true}]}}