{"id":118466,"date":"2025-10-20T08:10:10","date_gmt":"2025-10-20T08:10:10","guid":{"rendered":"https:\/\/www.europesays.com\/pt\/118466\/"},"modified":"2025-10-20T08:10:10","modified_gmt":"2025-10-20T08:10:10","slug":"tarifas-dos-eua-e-dolar-fraco-encarecem-em-40-exportacoes-de-pedra-portuguesa","status":"publish","type":"post","link":"https:\/\/www.europesays.com\/pt\/118466\/","title":{"rendered":"Tarifas dos EUA e d\u00f3lar fraco encarecem em 40% exporta\u00e7\u00f5es de pedra portuguesa"},"content":{"rendered":"<p>        As taxas impostas pelos EUA e a desvaloriza\u00e7\u00e3o do d\u00f3lar est\u00e3o a tornar as exporta\u00e7\u00f5es portuguesas de pedra natural cerca de 40% mais caras, o que pode levar os clientes a procurar alternativas mais baratas, alerta a associa\u00e7\u00e3o do setor.    <\/p>\n<p>As taxas impostas pelos EUA e a desvaloriza\u00e7\u00e3o do d\u00f3lar est\u00e3o a tornar as exporta\u00e7\u00f5es portuguesas de pedra natural cerca de 40% mais caras, o que pode levar os clientes a procurar alternativas mais baratas, alerta a associa\u00e7\u00e3o do setor.<\/p>\n<p>\u201cAs \u00fanicas exporta\u00e7\u00f5es que n\u00f3s temos para os Estados Unidos s\u00e3o de rocha ornamental. Essas tinham taxa zero e hoje passaram a ter uma taxa de 15%\u201d, explicou em entrevista \u00e0 Lusa o presidente da Associa\u00e7\u00e3o Portuguesa da Ind\u00fastria dos Recursos Minerais (Assimagra), Miguel Goul\u00e3o, sublinhando que, \u201csomando a taxa com a desvaloriza\u00e7\u00e3o do d\u00f3lar, estamos a falar de um incremento de pre\u00e7o de cerca de 40%\u201d.<\/p>\n<p>Segundo o respons\u00e1vel, o impacto ainda n\u00e3o \u00e9 totalmente vis\u00edvel porque os contratos s\u00e3o assinados a m\u00e9dio prazo, mas o risco existe.<\/p>\n<p>\u201cNeste momento tudo o que est\u00e1 contratado est\u00e1 a ser cumprido, mas o desafio ser\u00e1 para os novos projetos\u201d, afirmou, acrescentando que \u201ch\u00e1 o risco de o mercado procurar solu\u00e7\u00f5es alternativas, como comp\u00f3sitos e produtos cer\u00e2micos mais baratos\u201d.<\/p>\n<p>O presidente da Assimagra notou, contudo, que o setor portugu\u00eas mant\u00e9m \u201calguma vantagem competitiva\u201d, uma vez que \u201cos produtos chineses t\u00eam uma taxa de 50% e os canadianos tamb\u00e9m t\u00eam taxas elevadas\u201d. \u201cApesar de a taxa ter passado de zero para 15%, estamos todos em igualdade de circunst\u00e2ncias na Europa\u201d, referiu.<\/p>\n<p>Os Estados Unidos n\u00e3o s\u00e3o o principal destino das exporta\u00e7\u00f5es portuguesas do setor, mas s\u00e3o o mercado que mais valoriza o produto. \u201cO nosso principal mercado \u00e9 a Fran\u00e7a, mas \u00e9 um dos que menos valoriza o produto\u201d, disse Miguel Goul\u00e3o. Seguem-se China e Espanha na lista dos maiores compradores.<\/p>\n<p>Quanto aos produtos, o calc\u00e1rio \u201cda regi\u00e3o Centro\u201d lidera as exporta\u00e7\u00f5es em volume, seguido do granito e do m\u00e1rmore.<\/p>\n<p>O respons\u00e1vel destacou ainda o esfor\u00e7o do setor em abandonar a l\u00f3gica do baixo custo. \u201cTemos feito um esfor\u00e7o tremendo para que o setor ganhe obras n\u00e3o por fazer mais barato\u201d, afirmou, lembrando que h\u00e1 \u201cobras ic\u00f3nicas no mundo\u201d com pedra portuguesa, como o Perelman Performing Arts Center, junto ao memorial do 11 de Setembro, em Nova Iorque.<\/p>\n","protected":false},"excerpt":{"rendered":"As taxas impostas pelos EUA e a desvaloriza\u00e7\u00e3o do d\u00f3lar est\u00e3o a tornar as exporta\u00e7\u00f5es portuguesas de pedra&hellip;\n","protected":false},"author":2,"featured_media":118467,"comment_status":"","ping_status":"","sticky":false,"template":"","format":"standard","meta":{"footnotes":""},"categories":[83],"tags":[88,89,90,32,33,717],"class_list":{"0":"post-118466","1":"post","2":"type-post","3":"status-publish","4":"format-standard","5":"has-post-thumbnail","7":"category-empresas","8":"tag-business","9":"tag-economy","10":"tag-empresas","11":"tag-portugal","12":"tag-pt","13":"tag-tarifas"},"share_on_mastodon":{"url":"https:\/\/pubeurope.com\/@pt\/115405483146988462","error":""},"_links":{"self":[{"href":"https:\/\/www.europesays.com\/pt\/wp-json\/wp\/v2\/posts\/118466","targetHints":{"allow":["GET"]}}],"collection":[{"href":"https:\/\/www.europesays.com\/pt\/wp-json\/wp\/v2\/posts"}],"about":[{"href":"https:\/\/www.europesays.com\/pt\/wp-json\/wp\/v2\/types\/post"}],"author":[{"embeddable":true,"href":"https:\/\/www.europesays.com\/pt\/wp-json\/wp\/v2\/users\/2"}],"replies":[{"embeddable":true,"href":"https:\/\/www.europesays.com\/pt\/wp-json\/wp\/v2\/comments?post=118466"}],"version-history":[{"count":0,"href":"https:\/\/www.europesays.com\/pt\/wp-json\/wp\/v2\/posts\/118466\/revisions"}],"wp:featuredmedia":[{"embeddable":true,"href":"https:\/\/www.europesays.com\/pt\/wp-json\/wp\/v2\/media\/118467"}],"wp:attachment":[{"href":"https:\/\/www.europesays.com\/pt\/wp-json\/wp\/v2\/media?parent=118466"}],"wp:term":[{"taxonomy":"category","embeddable":true,"href":"https:\/\/www.europesays.com\/pt\/wp-json\/wp\/v2\/categories?post=118466"},{"taxonomy":"post_tag","embeddable":true,"href":"https:\/\/www.europesays.com\/pt\/wp-json\/wp\/v2\/tags?post=118466"}],"curies":[{"name":"wp","href":"https:\/\/api.w.org\/{rel}","templated":true}]}}