{"id":118468,"date":"2025-10-20T08:11:20","date_gmt":"2025-10-20T08:11:20","guid":{"rendered":"https:\/\/www.europesays.com\/pt\/118468\/"},"modified":"2025-10-20T08:11:20","modified_gmt":"2025-10-20T08:11:20","slug":"sete-milhoes-marcharam-nas-maiores-cidades-dos-eua-contra-trump","status":"publish","type":"post","link":"https:\/\/www.europesays.com\/pt\/118468\/","title":{"rendered":"Sete milh\u00f5es marcharam nas maiores cidades dos EUA contra Trump"},"content":{"rendered":"<p>&#13;<br \/>\nMais de 2.700 concentra\u00e7\u00f5es e manifesta\u00e7\u00f5es est\u00e3o previstas ao longo do dia de s\u00e1bado em todos os estados norte-americanos, das pequenas localidades rurais \u00e0s grandes cidades de Nova Iorque a S\u00e3o Francisco, e com destaque em Washington.&#13;\n<\/p>\n<p>&#13;<br \/>\nNa capital, numa manifesta\u00e7\u00e3o pr\u00f3ximo do parlamento, a multid\u00e3o pediu em coro que Donald Trump &#8220;saia&#8221;, enquanto na Florida manifestantes exibiam cartazes mostrando o Presidente com disfarce e maquilhado como Staline e como Rainha da Inglaterra.&#13;\n<\/p>\n<p>&#13;<br \/>\nEm resposta, o Presidente publicou uma s\u00e9rie de v\u00eddeos, gerados por intelig\u00eancia artificial, na rede social que det\u00e9m, a Truth Social, retratando-o como um rei.&#13;\n<\/p>\n<p>&#13;<br \/>\nNum deles, Trump aparece a usar uma coroa e a pilotar um jato de combate que despeja o que parecem ser fezes sobre os manifestantes.&#13;\n<\/p>\n<p>&#13;<br \/>\nPara Paulo, que participou no protesto em Washington, a situa\u00e7\u00e3o nos Estados Unidos faz-lhe lembrar a inf\u00e2ncia sob a ditadura militar no Brasil.&#13;\n<\/p>\n<p>&#13;<br \/>\n&#8220;Tenho uma incr\u00edvel sensa\u00e7\u00e3o de `d\u00e9j\u00e0 vu` em rela\u00e7\u00e3o \u00e0s medidas legais tomadas e ao culto da personalidade&#8221;, disse o manifestantes. &#13;\n<\/p>\n<p>&#13;<br \/>\nO dia de mobiliza\u00e7\u00e3o foi criticado pela direita, que apelidou o movimento &#8220;de \u00f3dio contra a Am\u00e9rica&#8221;.&#13;\n<\/p>\n<p>&#13;<br \/>\nV\u00e1rias figuras de esquerda, como Bernie Sanders e o l\u00edder democrata no Senado, Chuck Schumer, estiveram presentes nas marchas.&#13;\n<\/p>\n<p>&#13;<br \/>\n&#8220;Temos um Presidente que quer sempre mais poder nas suas m\u00e3os e nas m\u00e3os dos seus comparsas oligarcas&#8221;, declarou Sanders, perto do Capit\u00f3lio, em Washington.&#13;\n<\/p>\n<p>&#13;<br \/>\n&#8220;\u00c9 urgente que todos se mobilizem e fa\u00e7am todo o poss\u00edvel para resistir \u00e0 queda da democracia que estamos a viver&#8221;, afirmou Hannah Foster, de 41 anos, funcion\u00e1ria de uma empresa de joias que participou no protesto que reuniu milhares de pessoas em Nova Iorque&#13;\n<\/p>\n<p>&#13;<br \/>\nEm Boston, no parque Boston Common; no Grant Park de Chicago; junto aos edif\u00edcios estaduais no Tennessee e Indiana e frente a um tribunal em Billings, Montana, mas tamb\u00e9m em Atlanta, foram centenas os espa\u00e7os p\u00fablicos que os manifestantes encheram para gritar &#8220;n\u00e3o a reis, n\u00e3o a Trump&#8221;. &#13;\n<\/p>\n<p>&#13;<br \/>\nDonald Trump abalou o equil\u00edbrio no sistema democr\u00e1tico norte-americano ao interferir nos poderes do Congresso e dos governos dos diferentes estados, e ao amea\u00e7ar os opositores com retalia\u00e7\u00f5es judiciais.&#13;\n<\/p>\n<p>&#13;<br \/>\nEsta \u00e9 a terceira mobiliza\u00e7\u00e3o em massa desde o regresso de Trump \u00e0 Casa Branca, e acontece num momento em que o atual executivo tem estado a testar o equil\u00edbrio dos poderes, pressionando o Congresso e os Tribunais &#8220;em dire\u00e7\u00e3o ao autoritarismo&#8221;, segundo os manifestantes.&#13;\n<\/p>\n<p>&#13;<br \/>\nO primeiro protesto `No Kings`, a 14 de junho, levou \u00e0s ruas cerca de cinco milh\u00f5es de manifestantes, com eventos organizados em 2.100 cidades dos Estados Unidos&#13;<\/p>\n","protected":false},"excerpt":{"rendered":"&#13; Mais de 2.700 concentra\u00e7\u00f5es e manifesta\u00e7\u00f5es est\u00e3o previstas ao longo do dia de s\u00e1bado em todos os&hellip;\n","protected":false},"author":2,"featured_media":118469,"comment_status":"","ping_status":"","sticky":false,"template":"","format":"standard","meta":{"footnotes":""},"categories":[50],"tags":[27603,27,28,92,15,16,27605,14,27604,25,26,21,22,62,12,13,19,20,23,24,6914,24832,17,18,21476,29,30,31,63,64,65],"class_list":{"0":"post-118468","1":"post","2":"type-post","3":"status-publish","4":"format-standard","5":"has-post-thumbnail","7":"category-mundo","8":"tag-boston-common-grant-park","9":"tag-breaking-news","10":"tag-breakingnews","11":"tag-donald-trump","12":"tag-featured-news","13":"tag-featurednews","14":"tag-hannah-foster","15":"tag-headlines","16":"tag-kings","17":"tag-latest-news","18":"tag-latestnews","19":"tag-main-news","20":"tag-mainnews","21":"tag-mundo","22":"tag-news","23":"tag-noticias","24":"tag-noticias-principais","25":"tag-noticiasprincipais","26":"tag-principais-noticias","27":"tag-principaisnoticias","28":"tag-rainha","29":"tag-tennessee","30":"tag-top-stories","31":"tag-topstories","32":"tag-truth","33":"tag-ultimas","34":"tag-ultimas-noticias","35":"tag-ultimasnoticias","36":"tag-world","37":"tag-world-news","38":"tag-worldnews"},"share_on_mastodon":{"url":"https:\/\/pubeurope.com\/@pt\/115405487153637280","error":""},"_links":{"self":[{"href":"https:\/\/www.europesays.com\/pt\/wp-json\/wp\/v2\/posts\/118468","targetHints":{"allow":["GET"]}}],"collection":[{"href":"https:\/\/www.europesays.com\/pt\/wp-json\/wp\/v2\/posts"}],"about":[{"href":"https:\/\/www.europesays.com\/pt\/wp-json\/wp\/v2\/types\/post"}],"author":[{"embeddable":true,"href":"https:\/\/www.europesays.com\/pt\/wp-json\/wp\/v2\/users\/2"}],"replies":[{"embeddable":true,"href":"https:\/\/www.europesays.com\/pt\/wp-json\/wp\/v2\/comments?post=118468"}],"version-history":[{"count":0,"href":"https:\/\/www.europesays.com\/pt\/wp-json\/wp\/v2\/posts\/118468\/revisions"}],"wp:featuredmedia":[{"embeddable":true,"href":"https:\/\/www.europesays.com\/pt\/wp-json\/wp\/v2\/media\/118469"}],"wp:attachment":[{"href":"https:\/\/www.europesays.com\/pt\/wp-json\/wp\/v2\/media?parent=118468"}],"wp:term":[{"taxonomy":"category","embeddable":true,"href":"https:\/\/www.europesays.com\/pt\/wp-json\/wp\/v2\/categories?post=118468"},{"taxonomy":"post_tag","embeddable":true,"href":"https:\/\/www.europesays.com\/pt\/wp-json\/wp\/v2\/tags?post=118468"}],"curies":[{"name":"wp","href":"https:\/\/api.w.org\/{rel}","templated":true}]}}