{"id":118470,"date":"2025-10-20T08:12:27","date_gmt":"2025-10-20T08:12:27","guid":{"rendered":"https:\/\/www.europesays.com\/pt\/118470\/"},"modified":"2025-10-20T08:12:27","modified_gmt":"2025-10-20T08:12:27","slug":"madrid-vai-propor-a-ue-o-fim-definitivo-da-mudanca-de-hora-na-europa-relogios-atrasam-uma-hora-no-proximo-fim-de-semana-expresso","status":"publish","type":"post","link":"https:\/\/www.europesays.com\/pt\/118470\/","title":{"rendered":"Madrid vai propor \u00e0 UE o fim definitivo da mudan\u00e7a de hora na Europa: rel\u00f3gios atrasam uma hora no pr\u00f3ximo fim de semana &#8211; Expresso"},"content":{"rendered":"<ol>\n<li><a href=\"https:\/\/news.google.com\/rss\/articles\/CBMi_gFBVV95cUxQVjI3Rm4wS1lVZDFjbTdCNy1oSXNhSzFvRUlGRDE5d3hsQllKSzlQUlRaa1JNcUxORk1QUjEtZmJOQ2wzcEJHejJTdmxXb0ZOUW9wRnBROWJxaFJJbDl1SDlYRXh2cWNhcVIzMDFjbU04dGNxQkwwVG1EZ2F0QlV6aTFydjZLZmdaVnVQSVJ6dnROWUNoQ1FfdWl6eFlwOGVpYUZRVzlVSUk4VUhHRTg1a3BZUVA1U1lpWVgyZjVOLW1MbGlXam1zZndzbVpVdlM3cG9UR3lUWTUwdThUVFZaSHJsZE83ald4b3J4bWlGcXBOVDBoR3J6U3d4b1VmZ9IBgwJBVV95cUxOX2drTklHbmNfRjg2QzEyWkxvTzZPSk1QMGpiSk42Nk1zVjhlNzQ4d1pIVG1QcGNTZ0VRUGtVai1vcGgyRXJFR01CMFBBdmRmM2F0VmxYVGlRV3lwOWFkckwxTWUtdlNkVEFCMDYzYzg0QU9HNDBkbFMyUmNUaE55TnpjdFVBLWdRWUtqQ1lVTUZ5aVNQSXg3T0JsdTJqLVEzOGxQai1abjdtb213SUhVRzlWVV91RjlZQ25sUUtsZlhVaVFhUTl1eTJQdDNjOW95M1JueXhBaGFqUkktT05TUjRtOTlTZHo4ZGl4SnU4cVNHUWZZNWJUNWNSU2R3TU96cG5j?oc=5\" target=\"_blank\" rel=\"nofollow noopener\">Madrid vai propor \u00e0 UE o fim definitivo da mudan\u00e7a de hora na Europa: rel\u00f3gios atrasam uma hora no pr\u00f3ximo fim de semana<\/a>&nbsp;&nbsp;Expresso<\/li>\n<li><a href=\"https:\/\/news.google.com\/rss\/articles\/CBMikAFBVV95cUxQZTFISllDNkJvT0VtNDFjXzlZdGxuOXhVeThrSlBCVGpORFdQLVYzbXNKS3pfNlJwQkFWUmtreVJwWXdKOFhpX1JyVDZlbVdINU9SeGJJcUdZNDEwd216aTFFSjlJdUlYdDBJbEQxUXhETjJWLTlzUjJzT2dEQ00wWEZIczJjN1cwVmVSZElOcUk?oc=5\" target=\"_blank\" rel=\"nofollow noopener\">Retorno do hor\u00e1rio de ver\u00e3o em outubro de 2025<\/a>&nbsp;&nbsp;Estado de Minas<\/li>\n<li><a href=\"https:\/\/news.google.com\/rss\/articles\/CBMiuAFBVV95cUxPUzhoX2xORGxFbHNRMldwR01YWXM0all5YmhrNXdDdVdmQlBnMHVxNkxFQk1kdVRDaEtyT1N0dlNzeFlHYTdTRUdKbmMzRkJlcDFEWWpabTQzVUM1cmhIM3VQWUhaMHkxNXZQaFNwZ2dlRUNuUTBjVUdTd3VZZTU5Y01GRHFWdjBteTRRX0wtSHdpcDVVdEU5bG5UcEg0b2xucTZKQlF2T3J3M1BaTGd0blZXYUJqaDE4?oc=5\" target=\"_blank\" rel=\"nofollow noopener\">Madrid vai propor \u00e0 UE o fim definitivo da mudan\u00e7a da hora na Europa<\/a>&nbsp;&nbsp;Jornal de Neg\u00f3cios<\/li>\n<li><a href=\"https:\/\/news.google.com\/rss\/articles\/CBMilgFBVV95cUxOVkM3Tng3UlRvWmgxU2NIay1wRE1seHpBT3J5WEJoZ05vOTB5M2RQWV9QMWZpa1NKWHA1N29nWUhNODdqeFk5TXhqMUFNWHNXY0UxTEhDSnJqczRzbzE0cGJZR2tpdjJSZTk2ZkdyYjFLVkg4N085Y1hmbVBoZmNjSVBXMFpER2pZRTI3Yng1MjJ5NUJKUXc?oc=5\" target=\"_blank\" rel=\"nofollow noopener\">Rel\u00f3gios atrasam uma hora na madrugada do pr\u00f3ximo domingo<\/a>&nbsp;&nbsp;Observador<\/li>\n<li><a href=\"https:\/\/news.google.com\/rss\/articles\/CBMingFBVV95cUxOVHhyVUNSMTdKaUJXOFlJSkx4SHFNNi05cVYzRlBfWkgyRUxLWDNZWmdOV2xhQy01MnhacjlsM2Y2M3h5WUFvR1JhZHFzMTZXcDV0X09NYVNCclp5ZUlSN3NYckZGSTA5bGhsMmloS2gweEtGelRZRGtYQy0xMEpGT19IaHl2UEwtQVdqOGc5akMzUFVMcHVrck9JRGdWZw?oc=5\" target=\"_blank\" rel=\"nofollow noopener\">Prepare-se para dormir mais: Hor\u00e1rio de inverno est\u00e1 quase a chegar<\/a>&nbsp;&nbsp;Not\u00edcias de Coimbra<\/li>\n<\/ol>\n","protected":false},"excerpt":{"rendered":"Madrid vai propor \u00e0 UE o fim definitivo da mudan\u00e7a de hora na Europa: rel\u00f3gios atrasam uma hora&hellip;\n","protected":false},"author":2,"featured_media":113901,"comment_status":"","ping_status":"","sticky":false,"template":"","format":"standard","meta":{"footnotes":""},"categories":[10],"tags":[27,28,15,16,14,25,26,21,22,12,13,19,20,32,23,24,33,17,18,29,30,31],"class_list":{"0":"post-118470","1":"post","2":"type-post","3":"status-publish","4":"format-standard","5":"has-post-thumbnail","7":"category-portugal","8":"tag-breaking-news","9":"tag-breakingnews","10":"tag-featured-news","11":"tag-featurednews","12":"tag-headlines","13":"tag-latest-news","14":"tag-latestnews","15":"tag-main-news","16":"tag-mainnews","17":"tag-news","18":"tag-noticias","19":"tag-noticias-principais","20":"tag-noticiasprincipais","21":"tag-portugal","22":"tag-principais-noticias","23":"tag-principaisnoticias","24":"tag-pt","25":"tag-top-stories","26":"tag-topstories","27":"tag-ultimas","28":"tag-ultimas-noticias","29":"tag-ultimasnoticias"},"share_on_mastodon":{"url":"https:\/\/pubeurope.com\/@pt\/115405490937137240","error":""},"_links":{"self":[{"href":"https:\/\/www.europesays.com\/pt\/wp-json\/wp\/v2\/posts\/118470","targetHints":{"allow":["GET"]}}],"collection":[{"href":"https:\/\/www.europesays.com\/pt\/wp-json\/wp\/v2\/posts"}],"about":[{"href":"https:\/\/www.europesays.com\/pt\/wp-json\/wp\/v2\/types\/post"}],"author":[{"embeddable":true,"href":"https:\/\/www.europesays.com\/pt\/wp-json\/wp\/v2\/users\/2"}],"replies":[{"embeddable":true,"href":"https:\/\/www.europesays.com\/pt\/wp-json\/wp\/v2\/comments?post=118470"}],"version-history":[{"count":0,"href":"https:\/\/www.europesays.com\/pt\/wp-json\/wp\/v2\/posts\/118470\/revisions"}],"wp:featuredmedia":[{"embeddable":true,"href":"https:\/\/www.europesays.com\/pt\/wp-json\/wp\/v2\/media\/113901"}],"wp:attachment":[{"href":"https:\/\/www.europesays.com\/pt\/wp-json\/wp\/v2\/media?parent=118470"}],"wp:term":[{"taxonomy":"category","embeddable":true,"href":"https:\/\/www.europesays.com\/pt\/wp-json\/wp\/v2\/categories?post=118470"},{"taxonomy":"post_tag","embeddable":true,"href":"https:\/\/www.europesays.com\/pt\/wp-json\/wp\/v2\/tags?post=118470"}],"curies":[{"name":"wp","href":"https:\/\/api.w.org\/{rel}","templated":true}]}}