{"id":118473,"date":"2025-10-20T08:22:09","date_gmt":"2025-10-20T08:22:09","guid":{"rendered":"https:\/\/www.europesays.com\/pt\/118473\/"},"modified":"2025-10-20T08:22:09","modified_gmt":"2025-10-20T08:22:09","slug":"discussao-em-cadeia-dylan-leandro-e-bruna-protagonizam-momento-tenso-secret-story","status":"publish","type":"post","link":"https:\/\/www.europesays.com\/pt\/118473\/","title":{"rendered":"Discuss\u00e3o em cadeia: Dylan, Leandro e Bruna protagonizam momento tenso &#8211; Secret Story"},"content":{"rendered":"<p>No Secret Story 9, ap\u00f3s a VT que mostrou os concorrentes a escolherem quem gostariam que sa\u00edsse da casa, Dylan afirmou: \u201cSei que muita gente me quer ver fora da casa&#8230; Liliana, Leandro, F\u00e1bio.\u201d Leandro respondeu sem papas na l\u00edngua, mas a discuss\u00e3o ganhou novo f\u00f4lego quando Bruna se intrometeu e acusou Leandro de se contradizer. O clima voltou a ficar tenso entre os participantes.<\/p>\n<p><strong>Vote para salvar o seu concorrente favorito:<\/strong><\/p>\n<p>ANA CRISTINA \u2013 761 20 20 02<br \/>BRUNA \u2013 761 20 20 03<br \/>JOANA \u2013 761 20 20 11<br \/>MARISA SUSANA \u2013 761 20 20 17<\/p>\n<p><a href=\"https:\/\/tvi.iol.pt\/secretstory\/aominuto\" wbo-id=\"19\" rel=\"nofollow noopener\" target=\"_blank\">Acompanhe tudo ao minuto!<\/a><\/p>\n","protected":false},"excerpt":{"rendered":"No Secret Story 9, ap\u00f3s a VT que mostrou os concorrentes a escolherem quem gostariam que sa\u00edsse da&hellip;\n","protected":false},"author":2,"featured_media":118474,"comment_status":"","ping_status":"","sticky":false,"template":"","format":"standard","meta":{"footnotes":""},"categories":[142],"tags":[1997,19105,114,115,19033,12397,19034,32,33,151,19032],"class_list":{"0":"post-118473","1":"post","2":"type-post","3":"status-publish","4":"format-standard","5":"has-post-thumbnail","7":"category-tv","8":"tag-bruna","9":"tag-dylan","10":"tag-entertainment","11":"tag-entretenimento","12":"tag-galas-em-video","13":"tag-leandro","14":"tag-melhores-momentos-casa-dos-segredos","15":"tag-portugal","16":"tag-pt","17":"tag-tv","18":"tag-videos-secret-story-tvi"},"share_on_mastodon":{"url":"https:\/\/pubeurope.com\/@pt\/115405530329978095","error":""},"_links":{"self":[{"href":"https:\/\/www.europesays.com\/pt\/wp-json\/wp\/v2\/posts\/118473","targetHints":{"allow":["GET"]}}],"collection":[{"href":"https:\/\/www.europesays.com\/pt\/wp-json\/wp\/v2\/posts"}],"about":[{"href":"https:\/\/www.europesays.com\/pt\/wp-json\/wp\/v2\/types\/post"}],"author":[{"embeddable":true,"href":"https:\/\/www.europesays.com\/pt\/wp-json\/wp\/v2\/users\/2"}],"replies":[{"embeddable":true,"href":"https:\/\/www.europesays.com\/pt\/wp-json\/wp\/v2\/comments?post=118473"}],"version-history":[{"count":0,"href":"https:\/\/www.europesays.com\/pt\/wp-json\/wp\/v2\/posts\/118473\/revisions"}],"wp:featuredmedia":[{"embeddable":true,"href":"https:\/\/www.europesays.com\/pt\/wp-json\/wp\/v2\/media\/118474"}],"wp:attachment":[{"href":"https:\/\/www.europesays.com\/pt\/wp-json\/wp\/v2\/media?parent=118473"}],"wp:term":[{"taxonomy":"category","embeddable":true,"href":"https:\/\/www.europesays.com\/pt\/wp-json\/wp\/v2\/categories?post=118473"},{"taxonomy":"post_tag","embeddable":true,"href":"https:\/\/www.europesays.com\/pt\/wp-json\/wp\/v2\/tags?post=118473"}],"curies":[{"name":"wp","href":"https:\/\/api.w.org\/{rel}","templated":true}]}}