{"id":118483,"date":"2025-10-20T08:33:07","date_gmt":"2025-10-20T08:33:07","guid":{"rendered":"https:\/\/www.europesays.com\/pt\/118483\/"},"modified":"2025-10-20T08:33:07","modified_gmt":"2025-10-20T08:33:07","slug":"secret-story-joana-pinheiro-surpreende-ao-revelar-o-inusitado-segredo","status":"publish","type":"post","link":"https:\/\/www.europesays.com\/pt\/118483\/","title":{"rendered":"&#8220;Secret Story&#8221;: Joana Pinheiro surpreende ao revelar o inusitado segredo!"},"content":{"rendered":"<p><a href=\"https:\/\/selfie.iol.pt\/famosos\/casa-dos-segredos\/secret-story-joana-e-expulsa-saiba-como-reagiu\/20251020\/68f56f50d34e58bc67971258\" target=\"_blank\" wbo-id=\"47\" rel=\"nofollow noopener\">Joana Pinheiro \u00e9 o expulsa deste domingo, dia 19, de &#8220;Secret Story &#8211; Casa dos Segredos&#8221;<\/a>\u00a0e, instantes depois de sair do\u00a0reality show\u00a0da\u00a0<a href=\"https:\/\/tvi.iol.pt\/\" target=\"_blank\" wbo-id=\"48\" rel=\"nofollow noopener\">TVI<\/a>, a, agora,\u00a0ex-concorrente\u00a0revelou o respetivo segredo: &#8220;Sofro de bananofobia.&#8221;<\/p>\n<p>&#8220;Tenho avers\u00e3o \u00e0 fruta em geral. \u00c9 um problema que tenho. H\u00e1 uma explica\u00e7\u00e3o &#8211; n\u00e3o \u00e9 cientificamente comprovada -, mas a minha m\u00e3e, na gravidez do meu irm\u00e3o do meio, aumentou muito de peso. Ent\u00e3o, na minha gravidez, a m\u00e9dica aconselhou-a a ter controlo nos respetivos desejos. Ent\u00e3o, ela come\u00e7ou a comer muita fruta at\u00e9 chegar a uma altura em que enjoava s\u00f3 com o cheiro da fruta&#8221;, come\u00e7ou por referir Joana Pinheiro, que ainda acrescentou: &#8220;Nunca comi fruta. S\u00f3 papas.&#8221;<\/p>\n<p>Veja, agora,\u00a0algumas das melhores imagens de Joana Pinheiro na galeria de fotografias que prepar\u00e1mos para si.<\/p>\n<p>\u00a0<\/p>\n<p>\u00a0<\/p>\n","protected":false},"excerpt":{"rendered":"Joana Pinheiro \u00e9 o expulsa deste domingo, dia 19, de &#8220;Secret Story &#8211; Casa dos Segredos&#8221;\u00a0e, instantes depois&hellip;\n","protected":false},"author":2,"featured_media":118484,"comment_status":"","ping_status":"","sticky":false,"template":"","format":"standard","meta":{"footnotes":""},"categories":[145],"tags":[2632,211,210,114,115,980,21584,619,32,33,1014,1315,1012,162],"class_list":{"0":"post-118483","1":"post","2":"type-post","3":"status-publish","4":"format-standard","5":"has-post-thumbnail","7":"category-celebridades","8":"tag-casa-dos-segredos","9":"tag-celebridades","10":"tag-celebrities","11":"tag-entertainment","12":"tag-entretenimento","13":"tag-famosos","14":"tag-joana-pinheiro","15":"tag-nacional","16":"tag-portugal","17":"tag-pt","18":"tag-reality-show","19":"tag-secret-story","20":"tag-selfie","21":"tag-tvi"},"share_on_mastodon":{"url":"https:\/\/pubeurope.com\/@pt\/115405573543304961","error":""},"_links":{"self":[{"href":"https:\/\/www.europesays.com\/pt\/wp-json\/wp\/v2\/posts\/118483","targetHints":{"allow":["GET"]}}],"collection":[{"href":"https:\/\/www.europesays.com\/pt\/wp-json\/wp\/v2\/posts"}],"about":[{"href":"https:\/\/www.europesays.com\/pt\/wp-json\/wp\/v2\/types\/post"}],"author":[{"embeddable":true,"href":"https:\/\/www.europesays.com\/pt\/wp-json\/wp\/v2\/users\/2"}],"replies":[{"embeddable":true,"href":"https:\/\/www.europesays.com\/pt\/wp-json\/wp\/v2\/comments?post=118483"}],"version-history":[{"count":0,"href":"https:\/\/www.europesays.com\/pt\/wp-json\/wp\/v2\/posts\/118483\/revisions"}],"wp:featuredmedia":[{"embeddable":true,"href":"https:\/\/www.europesays.com\/pt\/wp-json\/wp\/v2\/media\/118484"}],"wp:attachment":[{"href":"https:\/\/www.europesays.com\/pt\/wp-json\/wp\/v2\/media?parent=118483"}],"wp:term":[{"taxonomy":"category","embeddable":true,"href":"https:\/\/www.europesays.com\/pt\/wp-json\/wp\/v2\/categories?post=118483"},{"taxonomy":"post_tag","embeddable":true,"href":"https:\/\/www.europesays.com\/pt\/wp-json\/wp\/v2\/tags?post=118483"}],"curies":[{"name":"wp","href":"https:\/\/api.w.org\/{rel}","templated":true}]}}