{"id":118494,"date":"2025-10-20T08:46:36","date_gmt":"2025-10-20T08:46:36","guid":{"rendered":"https:\/\/www.europesays.com\/pt\/118494\/"},"modified":"2025-10-20T08:46:36","modified_gmt":"2025-10-20T08:46:36","slug":"pena-suspensa-para-homem-que-roubou-duas-idosas-e-andou-quilometros-a-fugir-a-gnr","status":"publish","type":"post","link":"https:\/\/www.europesays.com\/pt\/118494\/","title":{"rendered":"Pena suspensa para homem que roubou duas idosas e andou quil\u00f3metros a fugir \u00e0 GNR"},"content":{"rendered":"<p>O Tribunal de Braga condenou a cinco anos de pris\u00e3o, com pena suspensa, um homem de Terras de Bouro, mas residente em Vieira do Minho, que roubou duas mulheres idosas e protagonizou uma longa fuga de carro \u00e0 GNR.<\/p>\n<p>&#13;<br \/>\n&#13;<br \/>\n&#13;<\/p>\n<p>Rui P.,\u00a0casado, de 49 anos, residente na Cani\u00e7ada, estava em pris\u00e3o preventiva, mas foi libertado ap\u00f3s a leitura do ac\u00f3rd\u00e3o.<\/p>\n<p>Foi condenado naquela pena, em c\u00famulo jur\u00eddico, por dois\u00a0crimes de roubo qualificado, um\u00a0de condu\u00e7\u00e3o perigosa de ve\u00edculo rodovi\u00e1rio\u00a0e outro\u00a0de resist\u00eancia e coa\u00e7\u00e3o sobre funcion\u00e1rio.<\/p>\n<p>Mas, para n\u00e3o ir preso, tem de se sujeitar ao chamado Regime de Prova, que lhe imp\u00f5e condi\u00e7\u00f5es como a de se tratar da toxicodepend\u00eancia.<\/p>\n<p><strong>Primeiro roubo em<\/strong> <strong>Vieira<\/strong><\/p>\n<p>O coletivo de ju\u00edzes deu como provado que, no dia 13 de dezembro de 2024, pelas 10h10, a ofendida Sara R., de 69 anos, deslocou-se \u00e0 caixa multibanco exterior da Caixa de Cr\u00e9dito Agr\u00edcola de Vieira do Minho, tendo levantado 300 euros que guardou na carteira, onde j\u00e1 tinha 30 em numer\u00e1rio.<\/p>\n<p>A acusa\u00e7\u00e3o dizia, ainda, que,\u00a0\u201cde forma dissimulada e constatando que a ofendida era pessoa idosa e com dificuldades de locomo\u00e7\u00e3o, o arguido j\u00e1 a vigiava, decidido a, atrav\u00e9s de viol\u00eancia f\u00edsica, fazer seu o dinheiro que a mesma detinha, para o que a seguiu na dire\u00e7\u00e3o do Largo da Feira Semanal \u201d.<\/p>\n<p>E acrescenta: \u201cSem que a ofendida sequer se tivesse apercebido que vinha sendo seguida, o arguido aproximou-se dela, na escadaria existente junto aos WC p\u00fablicos, e desferiu-lhe um empurr\u00e3o, ao mesmo tempo que arrancava a bolsa onde aquela guardava o dinheiro, telem\u00f3vel e cart\u00e3o banc\u00e1rio, que tudo fez seu\u201d.<\/p>\n<p><strong>Ent\u00e3o<\/strong>, o arguido colocou-se em fuga, conduzindo um Audi A3, tendo atirado para a via p\u00fablica a bolsa da ofendida.<\/p>\n<p>Assalto na P\u00f3voa de Lanhoso<\/p>\n<p>O Tribunal deu, ainda, como provado que, no dia 15 de dezembro de 2024, pelas 10h00, Eul\u00e1lia V., de 82 anos, deslocou-se \u00e0 caixa multibanco do supermercado Intermarch\u00e9, na P\u00f3voa de Lanhoso, tendo levantado de 100 euros que guardou na carteira.<\/p>\n<p>O arguido tamb\u00e9m entrou no supermercado e saiu, esperando pela v\u00edtima, e seguiu-a no caminho. Aproximou-se dela na Rua Ponte de Pedreirosa e deu-lhe um empurr\u00e3o pelas costas, ao mesmo tempo que lhe arrancou a bolsa, onde guardava o dinheiro e o cart\u00e3o banc\u00e1rio.<\/p>\n<p>Depois, fugiu no ve\u00edculo Audi A3, atirando a bolsa para a rua.<\/p>\n<p>GNR avistou-o e perseguiu-o<\/p>\n<p>Informada do crime, a GNR local montou dispositivo para intercetar o arguido, vindo a avist\u00e1-lo na Estrada Nacional 103, dire\u00e7\u00e3o P\u00f3voa de Lanhoso \u2013 Braga.<\/p>\n<p>J\u00e1 na Rua da Estrada Nova, em Gualtar, Braga, os militares, ap\u00f3s acionarem os sinais luminosos e sirene do ve\u00edculo, deram-lhe ordem de paragem, por comunica\u00e7\u00e3o verbal, \u00e0 qual ele desobedeceu, tendo, ali\u00e1s, aumentado a velocidade de marcha do carro e ultrapassado os ve\u00edculos que seguiam \u00e0 sua frente, em zona da estrada sinalizada com linha cont\u00ednua.<\/p>\n<p>F\u00ea-lo, obrigando os condutores dos autom\u00f3veis que seguiam em sentido contr\u00e1rio a guinarem-nos para a berma, para evitarem as colis\u00f5es frontais. Os militares prosseguiram a persegui\u00e7\u00e3o ao BMW , ao longo da variante Gualtar\/ Universidade do Minho, Av. Jo\u00e3o Paulo II, Av. Padre J\u00falio Fragata e na variante em dire\u00e7\u00e3o ao Braga Parque e, ao longo de todo este trajeto, repetiram, por diversas vezes, as ordens de paragem.<\/p>\n<p>Inclusivamente \u2013 anota a \u00absenten\u00e7a\u00bb \u2013 , tentaram colocar o seu ve\u00edculo a par do conduzido pelo arguido, mas este guinava na dire\u00e7\u00e3o daquele, querendo abalro\u00e1-lo, s\u00f3 n\u00e3o tendo ocorrido colis\u00f5es laterais, gra\u00e7as \u00e0 condu\u00e7\u00e3o defensiva exercida pelo militar condutor.<\/p>\n<p>Os militares seguiram-no pela EN 101, em dire\u00e7\u00e3o a Vila Verde\/ Prado, estrada por onde, uma vez mais, o arguido \u201cfez in\u00fameras ultrapassagens em desrespeito da linha cont\u00ednua, n\u00e3o ocorrendo qualquer embate com os demais utentes da via, por pronta rea\u00e7\u00e3o de cada um dos v\u00e1rios condutores que ali circulavam, que se desviaram para a berma\u201d.<\/p>\n<p>Parou em Soutelo mas voltou a fugir<\/p>\n<p>Ap\u00f3s o arguido ter conduzido pela sa\u00edda de Vila Verde, foi o mesmo for\u00e7ado a reduzir a velocidade na localidade de Soutelo, por for\u00e7a do tr\u00e2nsito; nesse momento, os militares conseguiram colocar o ve\u00edculo a par do dele e um deles apeou-se e tentou abrir a porta.<\/p>\n<p>Por\u00e9m, alertados pelo som da sirene, os demais condutores desviaram os seus ve\u00edculos e o arguido aproveitou para escapar , vindo uma vez mais a conduzir sobre a faixa de rodagem contr\u00e1ria, s\u00f3 n\u00e3o tendo colidido de frente com um que seguia em sentido contr\u00e1rio por o respetivo condutor ter tido a destreza de o desviar\u201d.<\/p>\n<p>Por fim, no cruzamento entre a Rua da Gandra e a Estrada Municipal 556, o arguido n\u00e3o respeitou o sinal STOP e prosseguiu a marcha, mas veio a ser parado pela GNR.<\/p>\n","protected":false},"excerpt":{"rendered":"O Tribunal de Braga condenou a cinco anos de pris\u00e3o, com pena suspensa, um homem de Terras de&hellip;\n","protected":false},"author":2,"featured_media":118495,"comment_status":"","ping_status":"","sticky":false,"template":"","format":"standard","meta":{"footnotes":""},"categories":[10],"tags":[27,28,15,16,14,25,26,21,22,12,13,19,20,32,23,24,33,17,18,29,30,31],"class_list":{"0":"post-118494","1":"post","2":"type-post","3":"status-publish","4":"format-standard","5":"has-post-thumbnail","7":"category-portugal","8":"tag-breaking-news","9":"tag-breakingnews","10":"tag-featured-news","11":"tag-featurednews","12":"tag-headlines","13":"tag-latest-news","14":"tag-latestnews","15":"tag-main-news","16":"tag-mainnews","17":"tag-news","18":"tag-noticias","19":"tag-noticias-principais","20":"tag-noticiasprincipais","21":"tag-portugal","22":"tag-principais-noticias","23":"tag-principaisnoticias","24":"tag-pt","25":"tag-top-stories","26":"tag-topstories","27":"tag-ultimas","28":"tag-ultimas-noticias","29":"tag-ultimasnoticias"},"share_on_mastodon":{"url":"https:\/\/pubeurope.com\/@pt\/115405624768819502","error":""},"_links":{"self":[{"href":"https:\/\/www.europesays.com\/pt\/wp-json\/wp\/v2\/posts\/118494","targetHints":{"allow":["GET"]}}],"collection":[{"href":"https:\/\/www.europesays.com\/pt\/wp-json\/wp\/v2\/posts"}],"about":[{"href":"https:\/\/www.europesays.com\/pt\/wp-json\/wp\/v2\/types\/post"}],"author":[{"embeddable":true,"href":"https:\/\/www.europesays.com\/pt\/wp-json\/wp\/v2\/users\/2"}],"replies":[{"embeddable":true,"href":"https:\/\/www.europesays.com\/pt\/wp-json\/wp\/v2\/comments?post=118494"}],"version-history":[{"count":0,"href":"https:\/\/www.europesays.com\/pt\/wp-json\/wp\/v2\/posts\/118494\/revisions"}],"wp:featuredmedia":[{"embeddable":true,"href":"https:\/\/www.europesays.com\/pt\/wp-json\/wp\/v2\/media\/118495"}],"wp:attachment":[{"href":"https:\/\/www.europesays.com\/pt\/wp-json\/wp\/v2\/media?parent=118494"}],"wp:term":[{"taxonomy":"category","embeddable":true,"href":"https:\/\/www.europesays.com\/pt\/wp-json\/wp\/v2\/categories?post=118494"},{"taxonomy":"post_tag","embeddable":true,"href":"https:\/\/www.europesays.com\/pt\/wp-json\/wp\/v2\/tags?post=118494"}],"curies":[{"name":"wp","href":"https:\/\/api.w.org\/{rel}","templated":true}]}}