{"id":11850,"date":"2025-08-01T17:23:08","date_gmt":"2025-08-01T17:23:08","guid":{"rendered":"https:\/\/www.europesays.com\/pt\/11850\/"},"modified":"2025-08-01T17:23:08","modified_gmt":"2025-08-01T17:23:08","slug":"vanessa-camargo-e-confirmada-na-competicao-veja-lista-de-participantes","status":"publish","type":"post","link":"https:\/\/www.europesays.com\/pt\/11850\/","title":{"rendered":"Vanessa Camargo \u00e9 confirmada na competi\u00e7\u00e3o; veja lista de participantes"},"content":{"rendered":"<p>\n                        Ap\u00f3s passagem pol\u00eamica pelo &#8216;BBB 24&#8217;, cantora participa de reality show do &#8216;Doming\u00e3o com Huck&#8217;\n                    <\/p>\n<p class=\"text\">A cantora <a href=\"https:\/\/www.terra.com.br\/tudo-sobre\/wanessa-camargo\" target=\"_self\" rel=\"nofollow noopener\">Wanessa Camargo<\/a> foi confirmada nesta sexta-feira, 1\u00ba, como a primeira participante da nova edi\u00e7\u00e3o do <b>Dan\u00e7a dos Famosos<\/b>. Ap\u00f3s uma pol\u00eamica passagem no BBB 24, a artista retorna \u00e0 tela da <b>Globo<\/b><b> <\/b>para integrar o elenco do <b>reality show<\/b>.<\/p>\n<p class=\"text\">O an\u00fancio foi feito por meio das redes sociais do <b>Doming\u00e3o com Huck<\/b>, onde a competi\u00e7\u00e3o ser\u00e1 exibida. &#8220;Confirmada! Wanessa \u00e9 o primeiro nome a formar o elenco do Dan\u00e7a dos Famosos 2025! Ela vem com tudo!&#8221;, escreveu o perfil oficial do programa no <b>Instagram<\/b>.<\/p>\n<p><img loading=\"lazy\" decoding=\"async\" alt=\"A cantora Wanessa Camargo far\u00e1 parte do Dan\u00e7a dos Famosos 2025.\" class=\"img-9d2c7f58fe2654ce4b6f71be89dc103avhhy95jv\" height=\"513\" src=\"https:\/\/www.europesays.com\/pt\/wp-content\/uploads\/2025\/08\/1542500285-om7o3b2xxfckxlukzfrxsozbdq.jpg\"  title=\"A cantora Wanessa Camargo far\u00e1 parte do Dan\u00e7a dos Famosos 2025.\" width=\"774\"\/><\/p>\n<p>A cantora Wanessa Camargo far\u00e1 parte do Dan\u00e7a dos Famosos 2025.<\/p>\n<p>Foto: Paulo Belote\/Globo\/Divulga\u00e7\u00e3o \/ Estad\u00e3o<\/p>\n<p class=\"text\">Em seu perfil no Instagram, a cantora celebrou o convite e afirmou estar pronta para o novo desafio. &#8220;Mais um desafio! T\u00f4 super feliz, animada e honrada de fazer parte do Dan\u00e7a dos Famosos. Bora com tudo!&#8221;, disse Wanessa.<\/p>\n<blockquote class=\"instagram-media\" data-instgrm-captioned=\"\" data-instgrm-permalink=\"https:\/\/www.instagram.com\/p\/DM0Hi9cRM6F\/?utm_source=ig_embed&amp;utm_campaign=loading\" data-instgrm-version=\"14\" style=\" background:#FFF; border:0; border-radius:3px; box-shadow:0 0 1px 0 rgba(0,0,0,0.5),0 1px 10px 0 rgba(0,0,0,0.15); margin: 1px; max-width:658px; min-width:326px; padding:0; width:99.375%; width:-webkit-calc(100% - 2px); width:calc(100% - 2px);\">\n<\/blockquote>\n<p class=\"text\">O apresentador <a href=\"https:\/\/www.terra.com.br\/tudo-sobre\/luciano-huck\" target=\"_self\" rel=\"nofollow noopener\">Luciano Huck<\/a> tamb\u00e9m celebrou a chegada de Wanessa. Em suas redes sociais, o comunicador postou um v\u00eddeo em que elogia a trajet\u00f3ria da cantora ao longo dos anos e se diz animado pela participa\u00e7\u00e3o da artista no reality show.<\/p>\n<p class=\"text\">&#8220;Wanessa Camargo. Ela \u00e9 poderosa, atrevida e agora t\u00e1 pronta para dan\u00e7ar como nunca! Com mais de 20 anos de carreira, Wanessa Camargo j\u00e1 passou por todos os palcos poss\u00edveis e dominou todos eles. Do pop ao sertanejo, do Show dos Famosos ao Lip Sync, ela mostrou que entrega presen\u00e7a e emo\u00e7\u00e3o! Agora, ser\u00e1 que a poderosa vai conquistar tamb\u00e9m o 10 do j\u00fari? &#8220;, afirmou a publica\u00e7\u00e3o.<\/p>\n<p>Quem vai participar da Dan\u00e7a dos Famosos 2025?<\/p>\n<p class=\"text\">At\u00e9 o momento, Wanessa Camargo \u00e9 a \u00fanica participante anunciada para a nova temporada de Dan\u00e7a dos Famosos. Ao longo do dia, no entanto, a Globo deve liberar os nomes que far\u00e3o parte do programa em 2025.<\/p>\n<p>                            <script async src=\"\/\/www.instagram.com\/embed.js\"><\/script><\/p>\n","protected":false},"excerpt":{"rendered":"Ap\u00f3s passagem pol\u00eamica pelo &#8216;BBB 24&#8217;, cantora participa de reality show do &#8216;Doming\u00e3o com Huck&#8217; A cantora Wanessa&hellip;\n","protected":false},"author":2,"featured_media":11851,"comment_status":"","ping_status":"","sticky":false,"template":"","format":"standard","meta":{"footnotes":""},"categories":[142],"tags":[4572,114,115,32,33,1014,4982,151,4981],"class_list":{"0":"post-11850","1":"post","2":"type-post","3":"status-publish","4":"format-standard","5":"has-post-thumbnail","7":"category-tv","8":"tag-danca-dos-famosos","9":"tag-entertainment","10":"tag-entretenimento","11":"tag-portugal","12":"tag-pt","13":"tag-reality-show","14":"tag-rede-globo","15":"tag-tv","16":"tag-wanessa-camargo"},"share_on_mastodon":{"url":"","error":""},"_links":{"self":[{"href":"https:\/\/www.europesays.com\/pt\/wp-json\/wp\/v2\/posts\/11850","targetHints":{"allow":["GET"]}}],"collection":[{"href":"https:\/\/www.europesays.com\/pt\/wp-json\/wp\/v2\/posts"}],"about":[{"href":"https:\/\/www.europesays.com\/pt\/wp-json\/wp\/v2\/types\/post"}],"author":[{"embeddable":true,"href":"https:\/\/www.europesays.com\/pt\/wp-json\/wp\/v2\/users\/2"}],"replies":[{"embeddable":true,"href":"https:\/\/www.europesays.com\/pt\/wp-json\/wp\/v2\/comments?post=11850"}],"version-history":[{"count":0,"href":"https:\/\/www.europesays.com\/pt\/wp-json\/wp\/v2\/posts\/11850\/revisions"}],"wp:featuredmedia":[{"embeddable":true,"href":"https:\/\/www.europesays.com\/pt\/wp-json\/wp\/v2\/media\/11851"}],"wp:attachment":[{"href":"https:\/\/www.europesays.com\/pt\/wp-json\/wp\/v2\/media?parent=11850"}],"wp:term":[{"taxonomy":"category","embeddable":true,"href":"https:\/\/www.europesays.com\/pt\/wp-json\/wp\/v2\/categories?post=11850"},{"taxonomy":"post_tag","embeddable":true,"href":"https:\/\/www.europesays.com\/pt\/wp-json\/wp\/v2\/tags?post=11850"}],"curies":[{"name":"wp","href":"https:\/\/api.w.org\/{rel}","templated":true}]}}