{"id":118500,"date":"2025-10-20T08:51:09","date_gmt":"2025-10-20T08:51:09","guid":{"rendered":"https:\/\/www.europesays.com\/pt\/118500\/"},"modified":"2025-10-20T08:51:09","modified_gmt":"2025-10-20T08:51:09","slug":"estes-concorrentes-estao-quase-nomeados-no-secret-story","status":"publish","type":"post","link":"https:\/\/www.europesays.com\/pt\/118500\/","title":{"rendered":"estes concorrentes est\u00e3o (quase) nomeados no Secret Story"},"content":{"rendered":"<p>A gala do Secret Story, no domingo, dia 19 de outubro, foi marcada pelas nomea\u00e7\u00f5es na \u00faltima parte.<\/p>\n<p>Por ter desempenhado com sucesso a miss\u00e3o da falsa desist\u00eancia, Leandro teve a vantagem de apagar dois votos nas nomea\u00e7\u00f5es e atribuiu dois a Mariana.<\/p>\n<p>No decorrer da emiss\u00e3o, ficou definido que Bruna n\u00e3o podia nomear, ap\u00f3s decis\u00e3o de Ana Cristina e Raquel. F\u00e1bio e Ana Cristina venceram a prova da imunidade e o concorrente ficou imune e a colega de casa p\u00f4de nomear algu\u00e9m diretamente e escolheu Rui.<\/p>\n<p>Alguns concorrentes votaram no cubo e retiraram uma \u201cbarra de ouro\u201d que decidia quantos colegas poderiam escolher. Na sala, os restantes escolheram um nome. Os mais votados foram Bruno (5), In\u00eas (5), Liliana (3), Mariana (3) e Vera (3).<\/p>\n<p>Resultaram ainda os seguintes votos: Dylan (1). Ana, Ana Cristina, Bruna, Leandro, Marisa, Marisa Susana, Pedro e Raquel n\u00e3o tiveram nenhuma nomea\u00e7\u00e3o.<\/p>\n<p>O leque de nomeados vai ficar oficialmente definido no \u2018Especial\u2019 que vai ser transmitido na noite de segunda-feira, 20, quando tamb\u00e9m ser\u00e3o abertas as linhas telef\u00f3nicas e divulgada a sondagem\u00a0<strong>Hiper Fm.<\/strong><\/p>\n<p>Neste momento, <strong>Bruno, In\u00eas, Liliana, Mariana e Vera <\/strong>s\u00e3o os concorrentes que est\u00e3o em risco de ficarem nomeados para a quinta expuls\u00e3o desta edi\u00e7\u00e3o, ao lado de <strong>Rui<\/strong>.<\/p>\n<blockquote class=\"instagram-media\" style=\"background: #FFF; border: 0; border-radius: 3px; box-shadow: 0 0 1px 0 rgba(0,0,0,0.5),0 1px 10px 0 rgba(0,0,0,0.15); margin: 1px; max-width: 540px; min-width: 326px; padding: 0; width: calc(100% - 2px);\" data-instgrm-captioned=\"\" data-instgrm-permalink=\"https:\/\/www.instagram.com\/p\/DQAlGcTDCEU\/?utm_source=ig_embed&amp;utm_campaign=loading\" data-instgrm-version=\"14\">\n<\/blockquote>\n<blockquote class=\"instagram-media\" style=\"background: #FFF; border: 0; border-radius: 3px; box-shadow: 0 0 1px 0 rgba(0,0,0,0.5),0 1px 10px 0 rgba(0,0,0,0.15); margin: 1px; max-width: 540px; min-width: 326px; padding: 0; width: calc(100% - 2px);\" data-instgrm-captioned=\"\" data-instgrm-permalink=\"https:\/\/www.instagram.com\/p\/DQAlYlLjDKm\/?utm_source=ig_embed&amp;utm_campaign=loading\" data-instgrm-version=\"14\">\n<\/blockquote>\n<p>\t\t\t\t\t\t\t\t\t\t\t\t\t\t\t\t\t\t\t\t\t\t\t\t\t\t\t<script async src=\"\/\/www.instagram.com\/embed.js\"><\/script><\/p>\n","protected":false},"excerpt":{"rendered":"A gala do Secret Story, no domingo, dia 19 de outubro, foi marcada pelas nomea\u00e7\u00f5es na \u00faltima parte.&hellip;\n","protected":false},"author":2,"featured_media":118501,"comment_status":"","ping_status":"","sticky":false,"template":"","format":"standard","meta":{"footnotes":""},"categories":[142],"tags":[1661,114,115,27607,3448,32,33,5608,2444,1315,151],"class_list":{"0":"post-118500","1":"post","2":"type-post","3":"status-publish","4":"format-standard","5":"has-post-thumbnail","7":"category-tv","8":"tag-destaque","9":"tag-entertainment","10":"tag-entretenimento","11":"tag-expulsu00e3o","12":"tag-nomeados","13":"tag-portugal","14":"tag-pt","15":"tag-risco","16":"tag-rui","17":"tag-secret-story","18":"tag-tv"},"share_on_mastodon":{"url":"https:\/\/pubeurope.com\/@pt\/115405644329596136","error":""},"_links":{"self":[{"href":"https:\/\/www.europesays.com\/pt\/wp-json\/wp\/v2\/posts\/118500","targetHints":{"allow":["GET"]}}],"collection":[{"href":"https:\/\/www.europesays.com\/pt\/wp-json\/wp\/v2\/posts"}],"about":[{"href":"https:\/\/www.europesays.com\/pt\/wp-json\/wp\/v2\/types\/post"}],"author":[{"embeddable":true,"href":"https:\/\/www.europesays.com\/pt\/wp-json\/wp\/v2\/users\/2"}],"replies":[{"embeddable":true,"href":"https:\/\/www.europesays.com\/pt\/wp-json\/wp\/v2\/comments?post=118500"}],"version-history":[{"count":0,"href":"https:\/\/www.europesays.com\/pt\/wp-json\/wp\/v2\/posts\/118500\/revisions"}],"wp:featuredmedia":[{"embeddable":true,"href":"https:\/\/www.europesays.com\/pt\/wp-json\/wp\/v2\/media\/118501"}],"wp:attachment":[{"href":"https:\/\/www.europesays.com\/pt\/wp-json\/wp\/v2\/media?parent=118500"}],"wp:term":[{"taxonomy":"category","embeddable":true,"href":"https:\/\/www.europesays.com\/pt\/wp-json\/wp\/v2\/categories?post=118500"},{"taxonomy":"post_tag","embeddable":true,"href":"https:\/\/www.europesays.com\/pt\/wp-json\/wp\/v2\/tags?post=118500"}],"curies":[{"name":"wp","href":"https:\/\/api.w.org\/{rel}","templated":true}]}}