{"id":118519,"date":"2025-10-20T09:14:11","date_gmt":"2025-10-20T09:14:11","guid":{"rendered":"https:\/\/www.europesays.com\/pt\/118519\/"},"modified":"2025-10-20T09:14:11","modified_gmt":"2025-10-20T09:14:11","slug":"estado-levanta-800-milhoes-euros-da-almofada-de-seguranca-em-2025-e-2026-para-abater-divida-publica-diario-de-noticias","status":"publish","type":"post","link":"https:\/\/www.europesays.com\/pt\/118519\/","title":{"rendered":"Estado levanta 800 milh\u00f5es euros da almofada de seguran\u00e7a em 2025 e 2026 para abater d\u00edvida p\u00fablica &#8211; Di\u00e1rio de Not\u00edcias"},"content":{"rendered":"<ol>\n<li><a href=\"https:\/\/news.google.com\/rss\/articles\/CBMivwFBVV95cUxPX2Z3Sk04cThpeDNwbG9RVHdBZWZKM0lPNmcxMXVjVEtNaDZkOWFWTDRiQTFkOHN1UDZETDRqLXRISFRZUGpMTUdQMEhjQ1JMbF9ONTJsdzg3MXlnMndwOUVPbHh4UDBEWWJ6dXItcnUxSzc0OHk1Xy1xZGJoZHdva0czSlluRzAtaHZSSFE1NTRTNDJUdnJzdm9XX2JlblVBUUE2QXFsQl9DZzV6ZXZOOVpwVUxNaFFpck96bTdibw?oc=5\" target=\"_blank\" rel=\"nofollow noopener\">Estado levanta 800 milh\u00f5es euros da almofada de seguran\u00e7a em 2025 e 2026 para abater d\u00edvida p\u00fablica<\/a>&nbsp;&nbsp;Di\u00e1rio de Not\u00edcias<\/li>\n<li><a href=\"https:\/\/news.google.com\/rss\/articles\/CBMitgFBVV95cUxPVUc5QW4yNHZ5YWhvdWFaRFVOU0JpMnhKRi13UUN0cEhWaC1RX1lCR2dhTDdJb3pDelhYWUhIcGxpdU9za0lIV0tKR3g0VUVoSUI2M1JtUEszbGg2QloxUG9HV2FTMWZvMDJJXzd6R3hjUnBmblN3LVBOeFc3VXk2XzdaYjF4UG05ZTBob0dHMVBlR2EwemJQWmhxME0ybms4djZ5aFJZckpiT1NWeGZqQlF6cFJIQQ?oc=5\" target=\"_blank\" rel=\"nofollow noopener\">Sarmento reduz almofada financeira para m\u00ednimos de 2010<\/a>&nbsp;&nbsp;Jornal de Neg\u00f3cios<\/li>\n<li><a href=\"https:\/\/news.google.com\/rss\/articles\/CBMi-AFBVV95cUxNOHhJUW5yYTQ0R3lMOVhtTlVIcFlkOGhseWoxODBnaGtzMFQ5VExuazNWcl91eXNrbXprYklHR1lpXzJNa2ZFdllrcW40T2dINndXT1pMNGM5S2RtUk5DM1JpdG5Yemw3TnRHaUZlYVNJb0l2cGVWd3dZQ2tqUGpwZU5oRFpYeHRVUVRya0I0alZwZ1ZvTHBvWUtpekwxV1dYc0MyRXN2RzE0anF4LUx2UTh2bklVbFctTS1KY3FWWDgzdTRyb1dTa3BIMmUxR0VyOW1jZlQwdmR4Y2hGQnNHWjJSRFR5R1JwanJiSkJ1T1ZibnpUQW9wctIB_AFBVV95cUxOWnVHZmZQZW9vQjJ0ZEd4ZEZpNjhYQXhsa09vWUJRdkw0ZVhYbVVKVE9wUHFsTmZWU3FFcGhaSDExbmdDV0ZOM1hMY1R2T2RDMEo5bDEwbnZWRDFEVVBXN3lDSFpCa1hNMnViSUtoeXdUZTJxbktFbGxnMWF5TC1fZWdkWEIweGZacW5qcXVHcm15WFhmbTlHM1hnUXZ1SU5iclJ2a0x4VGhHTzBXMVhpaFBWWk83Rk1Uamw4UW5jMXhKTE9mcTdxRnZXdnJlYktUQUttS3dqUXpldk9DLVlvYVkxMlVaazFyeWV0WWpLa29fOUg0TFlsQlJxNFc?oc=5\" target=\"_blank\" rel=\"nofollow noopener\">Estado vai usar 800 milh\u00f5es da \u201calmofada de seguran\u00e7a\u201d para reduzir d\u00edvida p\u00fablica<\/a>&nbsp;&nbsp;TVI<\/li>\n<li><a href=\"https:\/\/news.google.com\/rss\/articles\/CBMizAFBVV95cUxNTHZnY1p0bFBxWHhVV2NfNlJMYXBXWFdtczNxUlc0Qi1acmhpWUtzTDhlVk9pWjNONDEwZ2MwQ0hKenRRNlphdlZLbXlqeTZRNTB0WklIYzM5SmVWUFVKZGctRExSMVpFMUdlZzlQeXZtVjN6Q3NSaHhJLVRKdmwwdUwzMFpPU0FSMUM1TTliaUVMRHZ5YWptQThxVWw3RVZXNXg0YVhlYnJfaWlOM2I5bnJDdEZ2M2JMUlF1b3ZLOEZWaXdvTnhGWnVsUDk?oc=5\" target=\"_blank\" rel=\"nofollow noopener\">Apesar da volatilidade, Governo pede ao IGCP para cortar custo com d\u00edvida<\/a>&nbsp;&nbsp;Jornal de Neg\u00f3cios<\/li>\n<\/ol>\n","protected":false},"excerpt":{"rendered":"Estado levanta 800 milh\u00f5es euros da almofada de seguran\u00e7a em 2025 e 2026 para abater d\u00edvida p\u00fablica&nbsp;&nbsp;Di\u00e1rio de&hellip;\n","protected":false},"author":2,"featured_media":118520,"comment_status":"","ping_status":"","sticky":false,"template":"","format":"standard","meta":{"footnotes":""},"categories":[83],"tags":[88,14181,89,306,90,23555,23591,20506,32,21485,33],"class_list":{"0":"post-118519","1":"post","2":"type-post","3":"status-publish","4":"format-standard","5":"has-post-thumbnail","7":"category-empresas","8":"tag-business","9":"tag-divida-publica","10":"tag-economy","11":"tag-edicao-impressa","12":"tag-empresas","13":"tag-orcamento-do-estado-2025","14":"tag-orcamento-do-estado-2026","15":"tag-plano-de-recuperacao-e-resiliencia","16":"tag-portugal","17":"tag-prr","18":"tag-pt"},"share_on_mastodon":{"url":"https:\/\/pubeurope.com\/@pt\/115405734760528914","error":""},"_links":{"self":[{"href":"https:\/\/www.europesays.com\/pt\/wp-json\/wp\/v2\/posts\/118519","targetHints":{"allow":["GET"]}}],"collection":[{"href":"https:\/\/www.europesays.com\/pt\/wp-json\/wp\/v2\/posts"}],"about":[{"href":"https:\/\/www.europesays.com\/pt\/wp-json\/wp\/v2\/types\/post"}],"author":[{"embeddable":true,"href":"https:\/\/www.europesays.com\/pt\/wp-json\/wp\/v2\/users\/2"}],"replies":[{"embeddable":true,"href":"https:\/\/www.europesays.com\/pt\/wp-json\/wp\/v2\/comments?post=118519"}],"version-history":[{"count":0,"href":"https:\/\/www.europesays.com\/pt\/wp-json\/wp\/v2\/posts\/118519\/revisions"}],"wp:featuredmedia":[{"embeddable":true,"href":"https:\/\/www.europesays.com\/pt\/wp-json\/wp\/v2\/media\/118520"}],"wp:attachment":[{"href":"https:\/\/www.europesays.com\/pt\/wp-json\/wp\/v2\/media?parent=118519"}],"wp:term":[{"taxonomy":"category","embeddable":true,"href":"https:\/\/www.europesays.com\/pt\/wp-json\/wp\/v2\/categories?post=118519"},{"taxonomy":"post_tag","embeddable":true,"href":"https:\/\/www.europesays.com\/pt\/wp-json\/wp\/v2\/tags?post=118519"}],"curies":[{"name":"wp","href":"https:\/\/api.w.org\/{rel}","templated":true}]}}