{"id":118527,"date":"2025-10-20T09:24:10","date_gmt":"2025-10-20T09:24:10","guid":{"rendered":"https:\/\/www.europesays.com\/pt\/118527\/"},"modified":"2025-10-20T09:24:10","modified_gmt":"2025-10-20T09:24:10","slug":"ex-pupilo-de-mourinho-morre-em-acidente-na-namibia","status":"publish","type":"post","link":"https:\/\/www.europesays.com\/pt\/118527\/","title":{"rendered":"Ex-pupilo de Mourinho morre em acidente na Nam\u00edbia"},"content":{"rendered":"<p style=\"margin-bottom:11px\">J\u00falio Louren\u00e7o, de 52 anos, faleceu na noite de quinta-feira na sequ\u00eancia de um acidente em Otjiwarongo, no norte da Nam\u00edbia. Al\u00e9m do portugu\u00eas, as autoridades registaram mais duas v\u00edtimas mortais e dois feridos. A mesma fonte esclareceu que J\u00falio Louren\u00e7o seguia na parte de tr\u00e1s do carro que se ter\u00e1 despistado devido \u00aba um bid\u00e3o com \u00f3leo que estava na estrada\u00bb.<\/p>\n<p>Envolvido em projetos de forma\u00e7\u00e3o de jovens atletas na Nam\u00edbia \u2013 fazendo a ponte para a Europa \u2013 J\u00falio Louren\u00e7o formou-se no Vit\u00f3ria de Set\u00fabal, sendo treinado por Jos\u00e9 Mourinho em 1989\/90, nos juniores dos sadinos. Nessa fase, partilhou balne\u00e1rio com Nuno Santos, atualmente treinador de guarda-redes do Benfica.<\/p>\n<p>J\u00falio Louren\u00e7o rumou \u00e0 cidade de Rundu h\u00e1 tr\u00eas meses, preparando-se para ajudar em mais um projeto de forma\u00e7\u00e3o de jogadores.<\/p>\n<p>\u00c0 fam\u00edlia e aos amigos enlutados, o <strong>Maisfutebol <\/strong>apresenta as mais sentidas condol\u00eancias.<\/p>\n","protected":false},"excerpt":{"rendered":"J\u00falio Louren\u00e7o, de 52 anos, faleceu na noite de quinta-feira na sequ\u00eancia de um acidente em Otjiwarongo, no&hellip;\n","protected":false},"author":2,"featured_media":118528,"comment_status":"","ping_status":"","sticky":false,"template":"","format":"standard","meta":{"footnotes":""},"categories":[87],"tags":[51,135,1385,27609,1339,436,46,1437,7864,27610,32,33,47,134,27608],"class_list":{"0":"post-118527","1":"post","2":"type-post","3":"status-publish","4":"format-standard","5":"has-post-thumbnail","7":"category-desporto","8":"tag-benfica","9":"tag-desporto","10":"tag-jose-mourinho","11":"tag-julio-lourenco","12":"tag-luto","13":"tag-made-in","14":"tag-maisfutebol","15":"tag-morte","16":"tag-mourinho","17":"tag-namibia","18":"tag-portugal","19":"tag-pt","20":"tag-pura-paixao","21":"tag-sports","22":"tag-vitoria-setubal"},"share_on_mastodon":{"url":"https:\/\/pubeurope.com\/@pt\/115405774201203272","error":""},"_links":{"self":[{"href":"https:\/\/www.europesays.com\/pt\/wp-json\/wp\/v2\/posts\/118527","targetHints":{"allow":["GET"]}}],"collection":[{"href":"https:\/\/www.europesays.com\/pt\/wp-json\/wp\/v2\/posts"}],"about":[{"href":"https:\/\/www.europesays.com\/pt\/wp-json\/wp\/v2\/types\/post"}],"author":[{"embeddable":true,"href":"https:\/\/www.europesays.com\/pt\/wp-json\/wp\/v2\/users\/2"}],"replies":[{"embeddable":true,"href":"https:\/\/www.europesays.com\/pt\/wp-json\/wp\/v2\/comments?post=118527"}],"version-history":[{"count":0,"href":"https:\/\/www.europesays.com\/pt\/wp-json\/wp\/v2\/posts\/118527\/revisions"}],"wp:featuredmedia":[{"embeddable":true,"href":"https:\/\/www.europesays.com\/pt\/wp-json\/wp\/v2\/media\/118528"}],"wp:attachment":[{"href":"https:\/\/www.europesays.com\/pt\/wp-json\/wp\/v2\/media?parent=118527"}],"wp:term":[{"taxonomy":"category","embeddable":true,"href":"https:\/\/www.europesays.com\/pt\/wp-json\/wp\/v2\/categories?post=118527"},{"taxonomy":"post_tag","embeddable":true,"href":"https:\/\/www.europesays.com\/pt\/wp-json\/wp\/v2\/tags?post=118527"}],"curies":[{"name":"wp","href":"https:\/\/api.w.org\/{rel}","templated":true}]}}