{"id":118531,"date":"2025-10-20T09:26:31","date_gmt":"2025-10-20T09:26:31","guid":{"rendered":"https:\/\/www.europesays.com\/pt\/118531\/"},"modified":"2025-10-20T09:26:31","modified_gmt":"2025-10-20T09:26:31","slug":"sara-norte-e-fui-apanhada-pela-minha-sogra","status":"publish","type":"post","link":"https:\/\/www.europesays.com\/pt\/118531\/","title":{"rendered":"Sara Norte: &#8220;E fui apanhada pela minha sogra&#8221;"},"content":{"rendered":"<p>No Instagram, <a href=\"https:\/\/selfie.iol.pt\/famosos\/sara-norte\/quando-era-miuda-tinha-feito-sucesso-em-filmes-de-terror-quem-e-esta-atriz-portuguesa\/20251019\/68f4ce48d34ee0c2fed16b9f\" target=\"_blank\" rel=\"nofollow noopener\">Sara Norte<\/a> tem o h\u00e1bito de partilhar registos do respetivo dia a dia e, por vezes, com sentido de humor.<\/p>\n<p>Por exemplo, recentemente, a atriz, de 40 anos, mostrou-se, num v\u00eddeo, a dan\u00e7ar&#8230; at\u00e9 ser interrompida pela m\u00e3e do marido, Vasco Vala.<\/p>\n<p>&#8220;E fui apanhada pela minha sogra&#8221;, come\u00e7ou por revelar Sara Norte, que ainda se mostrou visivelmente embara\u00e7ada pelo ocorrido. &#8220;Corei&#8221;, acrescentou.<\/p>\n<p>Veja, agora, algumas das melhores imagens de Sara Norte nas galerias de fotografias que prepar\u00e1mos para si.<\/p>\n<p><img decoding=\"async\" alt=\"\" onclick=\"\" src=\"https:\/\/www.europesays.com\/pt\/wp-content\/uploads\/2025\/10\/1760952391_610_1024.jpeg\" title=\"Sara Norte\"\/><\/p>\n","protected":false},"excerpt":{"rendered":"No Instagram, Sara Norte tem o h\u00e1bito de partilhar registos do respetivo dia a dia e, por vezes,&hellip;\n","protected":false},"author":2,"featured_media":118532,"comment_status":"","ping_status":"","sticky":false,"template":"","format":"standard","meta":{"footnotes":""},"categories":[85],"tags":[813,114,115,981,980,1015,619,32,33,18236,1012,7398],"class_list":{"0":"post-118531","1":"post","2":"type-post","3":"status-publish","4":"format-standard","5":"has-post-thumbnail","7":"category-entretenimento","8":"tag-atriz","9":"tag-entertainment","10":"tag-entretenimento","11":"tag-familia","12":"tag-famosos","13":"tag-instagram","14":"tag-nacional","15":"tag-portugal","16":"tag-pt","17":"tag-sara-norte","18":"tag-selfie","19":"tag-sogra"},"share_on_mastodon":{"url":"https:\/\/pubeurope.com\/@pt\/115405783677919155","error":""},"_links":{"self":[{"href":"https:\/\/www.europesays.com\/pt\/wp-json\/wp\/v2\/posts\/118531","targetHints":{"allow":["GET"]}}],"collection":[{"href":"https:\/\/www.europesays.com\/pt\/wp-json\/wp\/v2\/posts"}],"about":[{"href":"https:\/\/www.europesays.com\/pt\/wp-json\/wp\/v2\/types\/post"}],"author":[{"embeddable":true,"href":"https:\/\/www.europesays.com\/pt\/wp-json\/wp\/v2\/users\/2"}],"replies":[{"embeddable":true,"href":"https:\/\/www.europesays.com\/pt\/wp-json\/wp\/v2\/comments?post=118531"}],"version-history":[{"count":0,"href":"https:\/\/www.europesays.com\/pt\/wp-json\/wp\/v2\/posts\/118531\/revisions"}],"wp:featuredmedia":[{"embeddable":true,"href":"https:\/\/www.europesays.com\/pt\/wp-json\/wp\/v2\/media\/118532"}],"wp:attachment":[{"href":"https:\/\/www.europesays.com\/pt\/wp-json\/wp\/v2\/media?parent=118531"}],"wp:term":[{"taxonomy":"category","embeddable":true,"href":"https:\/\/www.europesays.com\/pt\/wp-json\/wp\/v2\/categories?post=118531"},{"taxonomy":"post_tag","embeddable":true,"href":"https:\/\/www.europesays.com\/pt\/wp-json\/wp\/v2\/tags?post=118531"}],"curies":[{"name":"wp","href":"https:\/\/api.w.org\/{rel}","templated":true}]}}