{"id":118561,"date":"2025-10-20T09:55:13","date_gmt":"2025-10-20T09:55:13","guid":{"rendered":"https:\/\/www.europesays.com\/pt\/118561\/"},"modified":"2025-10-20T09:55:13","modified_gmt":"2025-10-20T09:55:13","slug":"apresentacao-do-livro-algarve-economia-azul-revela-projetos-inovadores-apoiados-pelos-fundos-europeus","status":"publish","type":"post","link":"https:\/\/www.europesays.com\/pt\/118561\/","title":{"rendered":"APRESENTA\u00c7\u00c3O DO LIVRO \u00abALGARVE \u2013 ECONOMIA AZUL\u00bb REVELA PROJETOS INOVADORES APOIADOS PELOS FUNDOS EUROPEUS"},"content":{"rendered":"<p>\n\t\t\t\t\t\t\t\tA apresenta\u00e7\u00e3o do livro \u00abAlgarve \u2013 Economia Azul: Inova\u00e7\u00e3o e Fundos Europeus na Regi\u00e3o\u00bb, que re\u00fane hist\u00f3rias e reportagens sobre projetos e iniciativas apoiadas pelos Fundos Europeus na \u00e1rea da economia do mar, realiza-se na segunda-feira, dia 27 de outubro, \u00e0s 16h30, nas instala\u00e7\u00f5es do NERA \u2013 Associa\u00e7\u00e3o Empresarial da Regi\u00e3o do Algarve, em Loul\u00e9. \t\t\t\t\t\t\t\t<\/p>\n<p style=\"text-align: justify;\">&#13;<br \/>\n\tEditada pela Comiss\u00e3o de Coordena\u00e7\u00e3o e Desenvolvimento Regional (CCDR) do Algarve, a obra apresenta-se em edi\u00e7\u00e3o impressa e digital, reunindo duas dezenas de reportagens assinadas pelos jornalistas Bruno Filipe Pires e Pedro Duarte, com coordena\u00e7\u00e3o editorial do jornal Barlavento. O design gr\u00e1fico \u00e9 de Jo\u00e3o L\u00e1zaro e o pref\u00e1cio conta com contributos de Jos\u00e9 Apolin\u00e1rio, Presidente da CCDR Algarve e da Comiss\u00e3o Diretiva do Programa Regional ALGARVE 2030, Ram\u00f3n Fern\u00e1ndez-Pacheco Monterreal, Consejero de Agricultura, Pesca, \u00c1gua y Desarrollo Rural de Andalucia, Paulo \u00c1guas Reitor da Universidade do Algarve e Alexandra Teod\u00f3sio, Vice-Reitora da Universidade do Algarve.\u00a0<\/p>\n<p style=\"text-align: justify;\">&#13;<br \/>\n\tCom cerca de 80 p\u00e1ginas, o livro destaca o papel dos fundos europeus geridos no Algarve no refor\u00e7o da economia azul e na promo\u00e7\u00e3o da inova\u00e7\u00e3o, ci\u00eancia e sustentabilidade em \u00e1reas como a <strong>biotecnologia marinha<\/strong>, a <strong>aquacultura<\/strong>, a <strong>investiga\u00e7\u00e3o cient\u00edfica<\/strong>, a <strong>literacia costeira<\/strong> e a <strong>valoriza\u00e7\u00e3o dos recursos marinhos<\/strong>.\u00a0<\/p>\n<p style=\"text-align: justify;\">&#13;<br \/>\n\tEntre os projetos retratados encontram-se o <strong>Inovacel<\/strong>, que est\u00e1 a revolucionar o cultivo celular a partir de microalgas; o <strong>Softcrab<\/strong>, que transforma o caranguejo azul invasor em iguaria gastron\u00f3mica; o <strong>SYREN<\/strong>, que promove a literacia do litoral; o <strong>S2AQUAcoLAB<\/strong>, laborat\u00f3rio colaborativo dedicado \u00e0 aquacultura sustent\u00e1vel; e o <strong>Observat\u00f3rio Marinho do Algarve<\/strong> (OMA), que aproxima a ci\u00eancia do tecido empresarial.\u00a0<\/p>\n<p style=\"text-align: justify;\">&#13;<br \/>\n\tSegundo Jos\u00e9 Apolin\u00e1rio, \u00abesta publica\u00e7\u00e3o \u00e9 um testemunho do dinamismo das empresas, investigadores e institui\u00e7\u00f5es que est\u00e3o a transformar o Algarve num territ\u00f3rio l\u00edder da economia azul, atrav\u00e9s da inova\u00e7\u00e3o e do conhecimento\u00bb.\u00a0<\/p>\n<p style=\"text-align: justify;\">&#13;<br \/>\n\tA sess\u00e3o de apresenta\u00e7\u00e3o contar\u00e1 com interven\u00e7\u00f5es do Presidente da CCDR Algarve, do Reitor da Universidade do Algarve e dos autores das reportagens e conta com a presen\u00e7a das entidades envolvidas nos projetos apresentados na obra.\u00a0<\/p>\n<p style=\"text-align: justify;\">&#13;<br \/>\n\t<strong>Poder\u00e1 aceder \u00e0 vers\u00e3o digital do livro brevemente, no site do Programa Regional Algarve 2030<\/strong>: <a href=\"https:\/\/algarve.portugal2030.pt\/\" rel=\"nofollow noopener\" target=\"_blank\">https:\/\/algarve.portugal2030.pt\/<\/a><\/p>\n<p>&#13;<br \/>\n\t\u00a0<\/p>\n<p>&#13;<br \/>\n\tCCDR Algarve<\/p>\n","protected":false},"excerpt":{"rendered":"A apresenta\u00e7\u00e3o do livro \u00abAlgarve \u2013 Economia Azul: Inova\u00e7\u00e3o e Fundos Europeus na Regi\u00e3o\u00bb, que re\u00fane hist\u00f3rias e&hellip;\n","protected":false},"author":2,"featured_media":118562,"comment_status":"","ping_status":"","sticky":false,"template":"","format":"standard","meta":{"footnotes":""},"categories":[143],"tags":[169,114,115,170,32,33],"class_list":{"0":"post-118561","1":"post","2":"type-post","3":"status-publish","4":"format-standard","5":"has-post-thumbnail","7":"category-livros","8":"tag-books","9":"tag-entertainment","10":"tag-entretenimento","11":"tag-livros","12":"tag-portugal","13":"tag-pt"},"share_on_mastodon":{"url":"https:\/\/pubeurope.com\/@pt\/115405896098769771","error":""},"_links":{"self":[{"href":"https:\/\/www.europesays.com\/pt\/wp-json\/wp\/v2\/posts\/118561","targetHints":{"allow":["GET"]}}],"collection":[{"href":"https:\/\/www.europesays.com\/pt\/wp-json\/wp\/v2\/posts"}],"about":[{"href":"https:\/\/www.europesays.com\/pt\/wp-json\/wp\/v2\/types\/post"}],"author":[{"embeddable":true,"href":"https:\/\/www.europesays.com\/pt\/wp-json\/wp\/v2\/users\/2"}],"replies":[{"embeddable":true,"href":"https:\/\/www.europesays.com\/pt\/wp-json\/wp\/v2\/comments?post=118561"}],"version-history":[{"count":0,"href":"https:\/\/www.europesays.com\/pt\/wp-json\/wp\/v2\/posts\/118561\/revisions"}],"wp:featuredmedia":[{"embeddable":true,"href":"https:\/\/www.europesays.com\/pt\/wp-json\/wp\/v2\/media\/118562"}],"wp:attachment":[{"href":"https:\/\/www.europesays.com\/pt\/wp-json\/wp\/v2\/media?parent=118561"}],"wp:term":[{"taxonomy":"category","embeddable":true,"href":"https:\/\/www.europesays.com\/pt\/wp-json\/wp\/v2\/categories?post=118561"},{"taxonomy":"post_tag","embeddable":true,"href":"https:\/\/www.europesays.com\/pt\/wp-json\/wp\/v2\/tags?post=118561"}],"curies":[{"name":"wp","href":"https:\/\/api.w.org\/{rel}","templated":true}]}}