{"id":118565,"date":"2025-10-20T09:59:29","date_gmt":"2025-10-20T09:59:29","guid":{"rendered":"https:\/\/www.europesays.com\/pt\/118565\/"},"modified":"2025-10-20T09:59:29","modified_gmt":"2025-10-20T09:59:29","slug":"gp-eua-f1-red-bull-chamada-aos-comissarios","status":"publish","type":"post","link":"https:\/\/www.europesays.com\/pt\/118565\/","title":{"rendered":"GP EUA F1: Red Bull chamada aos comiss\u00e1rios"},"content":{"rendered":"<p>\t\t\t<a href=\"https:\/\/www.autosport.pt\" rel=\"nofollow noopener\" target=\"_blank\">Home<\/a>  \u00a0 &gt; \u00a0  <a href=\"https:\/\/www.autosport.pt\/cat\/formula1\/\" rel=\"nofollow noopener\" target=\"_blank\">F\u00d3RMULA 1<\/a>  \u00a0 &gt; \u00a0  <a href=\"https:\/\/www.autosport.pt\/cat\/formula1\/f1\/\" rel=\"nofollow noopener\" target=\"_blank\">F1<\/a>  \u00a0 &gt; \u00a0  GP EUA F1: Red Bull chamada aos comiss\u00e1rios<\/p>\n<p>\t\t\t\tPor <a href=\"https:\/\/www.autosport.pt\/author\/fmendes\/\" title=\"Artigos de F\u00e1bio Mendes\" rel=\"author nofollow noopener\" target=\"_blank\">F\u00e1bio Mendes<\/a> a 19 Outubro 2025 22:46<\/p>\n<p>\t\t\t\t\t<img width=\"868\" height=\"579\" data-lazy-type=\"image\" src=\"https:\/\/www.europesays.com\/pt\/wp-content\/uploads\/2025\/10\/mpsa-f125-sgp-ph1-0190-868x579.jpg\" class=\"lazy lazy-hidden attachment-single-img size-single-img wp-post-image\" alt=\"\" decoding=\"async\" fetchpriority=\"high\"  \/>\t\t\t\t<\/p>\n<p>A Red Bull foi chamada a responder perante os comiss\u00e1rios da FIA. Um \u2018incidente na grelha\u2019 ter\u00e1 acontecido antes da corrida, e a Red Bull foi convocada por, alegadamente, n\u00e3o \u201cseguir as instru\u00e7\u00f5es dos oficiais relevantes\u201d, em viola\u00e7\u00e3o do C\u00f3digo Desportivo Internacional.<\/p>\n<p>Neste momento n\u00e3o se sabe mais nada, mas as primeiras indica\u00e7\u00f5es apontam que a vit\u00f3ria de Max Verstappen n\u00e3o est\u00e1 em risco. Um elemento da Red Bull ter\u00e1 estado na grelha sem autoriza\u00e7\u00e3o, o que poder\u00e1 levar a uma multa.<\/p>\n<p>Segundo o artigo referido no comunicado, o 12.2.1.i do C\u00f3digo Desportivo internacional \u201cQualquer uma das seguintes infra\u00e7\u00f5es, para al\u00e9m de quaisquer infra\u00e7\u00f5es especificamente mencionadas anteriormente ou posteriormente, ser\u00e1 considerada uma viola\u00e7\u00e3o destas regras: N\u00e3o cumprimento das instru\u00e7\u00f5es dos respons\u00e1veis \u200b\u200brelevantes para a condu\u00e7\u00e3o segura e ordenada do Evento\u201d<\/p>\n<p>\t\t\tCaro leitor, esta \u00e9 uma mensagem importante.<br \/>\n                        O Autosport j\u00e1 n\u00e3o existe em vers\u00e3o papel, apenas na vers\u00e3o online.<br \/>\n                        E por essa raz\u00e3o, n\u00e3o \u00e9 mais poss\u00edvel o Autosport continuar a disponibilizar todos os seus artigos gratuitamente.<br \/>\n                        Para que os leitores possam contribuir para a exist\u00eancia e evolu\u00e7\u00e3o da qualidade do seu site preferido, cri\u00e1mos o Clube Autosport com in\u00fameras vantagens e descontos que permitir\u00e1 a cada membro aceder a todos os artigos do site Autosport e ainda recuperar (varias vezes) o custo de ser membro.<br \/>\nOs membros do Clube Autosport receber\u00e3o um cart\u00e3o de membro com validade de 1 ano, que apresentar\u00e3o junto das empresas parceiras como identifica\u00e7\u00e3o.<br \/>\nLista de Vantagens:<br \/>\n-Acesso a todos os conte\u00fados no site Autosport sem ter que ver a publicidade<br \/>\n-Desconto nos combust\u00edveis Repsol <br \/>\n-Acesso a seguros especialmente desenvolvidos pela Vitorinos seguros a pre\u00e7os imbat\u00edveis<br \/>\n-Descontos em oficinas, lojas e servi\u00e7os auto<br \/>\n-Acesso exclusivo a eventos especialmente organizados para membros<br \/>\n<a style=\"color:#e30713; font-weight: bold;\" href=\"https:\/\/www.clubeautosport.pt\/faca-se-membro\/\" target=\"_blank\" rel=\"nofollow noopener\">Saiba mais AQUI<\/a><\/p>\n<p>&#13;<br \/>\n                        Continuar a ler&#13;\n                <\/p>\n","protected":false},"excerpt":{"rendered":"Home \u00a0 &gt; \u00a0 F\u00d3RMULA 1 \u00a0 &gt; \u00a0 F1 \u00a0 &gt; \u00a0 GP EUA F1: Red Bull&hellip;\n","protected":false},"author":2,"featured_media":118566,"comment_status":"","ping_status":"","sticky":false,"template":"","format":"standard","meta":{"footnotes":""},"categories":[87],"tags":[27615,135,970,971,27444,32,33,17389,134],"class_list":{"0":"post-118565","1":"post","2":"type-post","3":"status-publish","4":"format-standard","5":"has-post-thumbnail","7":"category-desporto","8":"tag-comissarios","9":"tag-desporto","10":"tag-f1","11":"tag-formula-1","12":"tag-gp-eua","13":"tag-portugal","14":"tag-pt","15":"tag-red-bull","16":"tag-sports"},"share_on_mastodon":{"url":"https:\/\/pubeurope.com\/@pt\/115405911878084882","error":""},"_links":{"self":[{"href":"https:\/\/www.europesays.com\/pt\/wp-json\/wp\/v2\/posts\/118565","targetHints":{"allow":["GET"]}}],"collection":[{"href":"https:\/\/www.europesays.com\/pt\/wp-json\/wp\/v2\/posts"}],"about":[{"href":"https:\/\/www.europesays.com\/pt\/wp-json\/wp\/v2\/types\/post"}],"author":[{"embeddable":true,"href":"https:\/\/www.europesays.com\/pt\/wp-json\/wp\/v2\/users\/2"}],"replies":[{"embeddable":true,"href":"https:\/\/www.europesays.com\/pt\/wp-json\/wp\/v2\/comments?post=118565"}],"version-history":[{"count":0,"href":"https:\/\/www.europesays.com\/pt\/wp-json\/wp\/v2\/posts\/118565\/revisions"}],"wp:featuredmedia":[{"embeddable":true,"href":"https:\/\/www.europesays.com\/pt\/wp-json\/wp\/v2\/media\/118566"}],"wp:attachment":[{"href":"https:\/\/www.europesays.com\/pt\/wp-json\/wp\/v2\/media?parent=118565"}],"wp:term":[{"taxonomy":"category","embeddable":true,"href":"https:\/\/www.europesays.com\/pt\/wp-json\/wp\/v2\/categories?post=118565"},{"taxonomy":"post_tag","embeddable":true,"href":"https:\/\/www.europesays.com\/pt\/wp-json\/wp\/v2\/tags?post=118565"}],"curies":[{"name":"wp","href":"https:\/\/api.w.org\/{rel}","templated":true}]}}