{"id":118579,"date":"2025-10-20T10:07:12","date_gmt":"2025-10-20T10:07:12","guid":{"rendered":"https:\/\/www.europesays.com\/pt\/118579\/"},"modified":"2025-10-20T10:07:12","modified_gmt":"2025-10-20T10:07:12","slug":"klara-castanho-renova-o-visual-e-choca-ao-surgir-ruiva-la-vamos-nos","status":"publish","type":"post","link":"https:\/\/www.europesays.com\/pt\/118579\/","title":{"rendered":"Klara Castanho renova o visual e choca ao surgir ruiva: &#8216;L\u00e1 vamos n\u00f3s&#8217;"},"content":{"rendered":"<p><strong>Klara Castanho<\/strong> est\u00e1 de visual novo! Na noite de s\u00e1bado, 18, a atriz surpreendeu os f\u00e3s ao revelar que deixou os fios iluminados para tr\u00e1s e apostou em um novo tom de cabelo: ruivo puxado para um cereja escuro.<\/p>\n<p>A transforma\u00e7\u00e3o de Klara ainda trouxe uma outra novidade. De acordo com a artista, a mudan\u00e7a faz parte de sua pr\u00f3xima personagem, ainda n\u00e3o revelada em detalhes por ela. \u201cE l\u00e1 vamos n\u00f3s de novo. J\u00e1, j\u00e1 conto o nome da nossa pr\u00f3xima diva\u201c, escreveu a estrela na legenda.<\/p>\n<p>A postagem, \u00e9 claro, rapidamente ganhou diversos coment\u00e1rios dos internautas, que fizeram quest\u00e3o de rasgar elogios ao novo visual de Klara Castanho: \u201cMuito camaleoa!\u201c, declarou uma seguidora. \u201cLinda! E a verdadeira defini\u00e7\u00e3o de inimiga do desemprego!\u201c, brincou outra. \u201cQuando a gente acha que voc\u00ea n\u00e3o pode ser mais bonita, voc\u00ea chega assim\u2026 bel\u00edssima\u201c, disse uma terceira.<\/p>\n<p>Vale lembrar que o \u00faltimo trabalho de Klara Castanho nas novelas foi em \u2018Garota do Momento\u2019, da TV Globo. Na trama, escrita por <strong>Alessandra Poggi<\/strong>, a atriz interpretou Eug\u00eania e tinha o cabelo curto. Ap\u00f3s o fim do folhetim, a famosa tamb\u00e9m renovou o visual e surgiu com os fios longos e iluminados.<\/p>\n<p><strong>Veja o novo visual de Klara Castanho:<\/strong><\/p>\n<p> <img loading=\"lazy\" decoding=\"async\" class=\"size-full wp-image-1020041 img-fluid lazy\" alt=\"Klara Castanho renova o visual e surge ruiva - Foto: Reprodu\u00e7\u00e3o \/ Instagram @klarafgcastanho\" width=\"1232\" height=\"1080\" src=\"https:\/\/www.europesays.com\/pt\/wp-content\/uploads\/2025\/10\/klara-castanho-novo-visual-2.jpg\"  \/>Klara Castanho renova o visual e surge ruiva \u2013 Foto: Reprodu\u00e7\u00e3o \/ Instagram @klarafgcastanho <img loading=\"lazy\" decoding=\"async\" class=\"size-full wp-image-1020036 img-fluid lazy\" alt=\"Klara Castanho renova o visual e surge ruiva - Foto: Reprodu\u00e7\u00e3o \/ Instagram @klarafgcastanho \" width=\"1440\" height=\"1920\" src=\"https:\/\/www.europesays.com\/pt\/wp-content\/uploads\/2025\/10\/klara-castanho-novo-visual.jpg\"  \/>Klara Castanho renova o visual e surge ruiva \u2013 Foto: Reprodu\u00e7\u00e3o \/ Instagram @klarafgcastanho <\/p>\n<blockquote class=\"instagram-media\" style=\"background: #FFF; border: 0; border-radius: 3px; box-shadow: 0 0 1px 0 rgba(0,0,0,0.5),0 1px 10px 0 rgba(0,0,0,0.15); margin: 1px; max-width: 540px; min-width: 326px; padding: 0; width: calc(100% - 2px);\" data-instgrm-captioned=\"\" data-instgrm-permalink=\"https:\/\/www.instagram.com\/p\/DP-Oc66Dqx2\/?utm_source=ig_embed&amp;utm_campaign=loading\" data-instgrm-version=\"14\"><\/blockquote>\n<p> Klara Castanho estar\u00e1 no BBB 26? <\/p>\n<p>Recentemente, o nome de Klara Castanho ficou entre os assuntos mais comentados da web ap\u00f3s o jornal Extra revelar que a atriz havia sido convidada pela produ\u00e7\u00e3o do BBB 26 para integrar o elenco da nova edi\u00e7\u00e3o do reality show.<\/p>\n<p>Em meio aos rumores de uma poss\u00edvel ida para o confinamento, <a href=\"https:\/\/caras.com.br\/big-brother\/klara-castanho-no-bbb-26-atriz-rompe-o-silencio-sobre-participacao.phtml\" rel=\"nofollow noopener\" target=\"_blank\">a artista se manifestou e esclareceu a not\u00edcia<\/a>. Segundo Klara, ela n\u00e3o recebeu convite algum da emissora e, mesmo que tivesse sido convidada, n\u00e3o poderia aceitar devido a sua agenda de trabalho.<\/p>\n<p>\u201cPrimeira coisa: n\u00e3o fui [convidada]. Segunda coisa: n\u00e3o vou. Mas quando voc\u00eas me chamam de inimiga do desemprego, acho que inclui essa tamb\u00e9m (risos). Eu tenho dois trabalhos assinados durante o per\u00edodo do BBB, mas estarei assistindo felic\u00edssima do sof\u00e1 de casa\u201c, explicou Klara Castanho, na ocasi\u00e3o.<\/p>\n<p><strong>Leia tamb\u00e9m<\/strong>: <a href=\"https:\/\/caras.com.br\/novelas\/klara-castanho-reflete-sobre-afastamento-da-tv-voltei-com-mais-bagagem.phtml\" rel=\"nofollow noopener\" target=\"_blank\">Klara Castanho reflete sobre afastamento da TV: \u2018Voltei com mais bagagem\u2019<\/a><\/p>\n<p>\u00a0<\/p>\n<p> <img loading=\"lazy\" decoding=\"async\" class=\"size-full wp-image-1006450 img-fluid lazy\" alt=\"Klara Castanho - Foto: Reprodu\u00e7\u00e3o \/ Instagram @klarafgcastanho\" width=\"1080\" height=\"810\" src=\"https:\/\/www.europesays.com\/pt\/wp-content\/uploads\/2025\/10\/klara-castanho.jpg\"  \/>Klara Castanho \u2013 Foto: Reprodu\u00e7\u00e3o \/ Instagram @klarafgcastanho\t\t\t<\/p>\n<p>        <a href=\"https:\/\/caras.com.br\/autor\/rafaela-oliveira\" rel=\"nofollow noopener\" target=\"_blank\">&#13;<br \/>\n          <img alt=\"Rafaela Oliveira\" src=\"https:\/\/www.europesays.com\/pt\/wp-content\/uploads\/2025\/10\/1760954832_940_49f5322875970d1e29e5ff2c3d4db4418044337871973cc6a09a25acab0e8ff7\"  class=\"avatar avatar-115 photo rounded-circle mr-3\" height=\"115\" width=\"115\" loading=\"lazy\" decoding=\"async\"\/>        <\/a><\/p>\n<p>        <strong>Rafaela Oliveira<\/strong> \u00e9 rep\u00f3rter de conte\u00fado do site CARAS. Formada em jornalismo, j\u00e1 passou por sites como MaisNovela, Portal M\u00e1rcia Piovesan, Purepeople Brasil e Jornal O Dia. Escreve sobre celebridades, TV e reality show. (email: <a href=\"https:\/\/caras.com.br\/cdn-cgi\/l\/email-protection\" class=\"__cf_email__\" data-cfemail=\"3f4d5d505356495a564d5e605c50535e5d7f5c5e4d5e4c115c5052115d4d\" rel=\"nofollow noopener\" target=\"_blank\">[email\u00a0protected]<\/a>)<\/p>\n<p>\t                                            <script async src=\"\/\/www.instagram.com\/embed.js\"><\/script><\/p>\n","protected":false},"excerpt":{"rendered":"Klara Castanho est\u00e1 de visual novo! Na noite de s\u00e1bado, 18, a atriz surpreendeu os f\u00e3s ao revelar&hellip;\n","protected":false},"author":2,"featured_media":118580,"comment_status":"","ping_status":"","sticky":false,"template":"","format":"standard","meta":{"footnotes":""},"categories":[145],"tags":[211,210,114,115,18880,32,33],"class_list":{"0":"post-118579","1":"post","2":"type-post","3":"status-publish","4":"format-standard","5":"has-post-thumbnail","7":"category-celebridades","8":"tag-celebridades","9":"tag-celebrities","10":"tag-entertainment","11":"tag-entretenimento","12":"tag-klara-castanho","13":"tag-portugal","14":"tag-pt"},"share_on_mastodon":{"url":"https:\/\/pubeurope.com\/@pt\/115405943225909838","error":""},"_links":{"self":[{"href":"https:\/\/www.europesays.com\/pt\/wp-json\/wp\/v2\/posts\/118579","targetHints":{"allow":["GET"]}}],"collection":[{"href":"https:\/\/www.europesays.com\/pt\/wp-json\/wp\/v2\/posts"}],"about":[{"href":"https:\/\/www.europesays.com\/pt\/wp-json\/wp\/v2\/types\/post"}],"author":[{"embeddable":true,"href":"https:\/\/www.europesays.com\/pt\/wp-json\/wp\/v2\/users\/2"}],"replies":[{"embeddable":true,"href":"https:\/\/www.europesays.com\/pt\/wp-json\/wp\/v2\/comments?post=118579"}],"version-history":[{"count":0,"href":"https:\/\/www.europesays.com\/pt\/wp-json\/wp\/v2\/posts\/118579\/revisions"}],"wp:featuredmedia":[{"embeddable":true,"href":"https:\/\/www.europesays.com\/pt\/wp-json\/wp\/v2\/media\/118580"}],"wp:attachment":[{"href":"https:\/\/www.europesays.com\/pt\/wp-json\/wp\/v2\/media?parent=118579"}],"wp:term":[{"taxonomy":"category","embeddable":true,"href":"https:\/\/www.europesays.com\/pt\/wp-json\/wp\/v2\/categories?post=118579"},{"taxonomy":"post_tag","embeddable":true,"href":"https:\/\/www.europesays.com\/pt\/wp-json\/wp\/v2\/tags?post=118579"}],"curies":[{"name":"wp","href":"https:\/\/api.w.org\/{rel}","templated":true}]}}