{"id":118583,"date":"2025-10-20T10:10:21","date_gmt":"2025-10-20T10:10:21","guid":{"rendered":"https:\/\/www.europesays.com\/pt\/118583\/"},"modified":"2025-10-20T10:10:21","modified_gmt":"2025-10-20T10:10:21","slug":"desejam-que-eu-fique-internada","status":"publish","type":"post","link":"https:\/\/www.europesays.com\/pt\/118583\/","title":{"rendered":"\u201cDesejam que eu fique internada\u2026\u201d"},"content":{"rendered":"<p>A influenciadora digital Marie reatou a rela\u00e7\u00e3o com o seu namorado \u201c<strong>30 anos mais velho<\/strong>\u201d, revelou L\u00e9o Caeiro no programa \u2018Manh\u00e3 CM\u2019, da CMTV, do dia 17 de outubro (recorde <a href=\"https:\/\/www.hiper.fm\/marie-volta-para-o-ex-namorado-e-beatriz-prates-recorda-acusacoes-isto-e-grave\/\" target=\"_blank\" rel=\"noopener nofollow\">aqui<\/a>).<\/p>\n<p>Este domingo, dia 19, a ex-concorrente do reality show \u2018Dilema\u2019, da TVI, partilhou uma fotografia ao lado do companheiro: <strong>\u201cA fam\u00edlia come\u00e7a agora. Felizmente, sobrevivi a toda a manipula\u00e7\u00e3o e doen\u00e7a alheia que me fez acreditar que eu sim era a maluca\u201d<\/strong>.<\/p>\n<p><strong>\u201cA todos os que desejam que eu fique internada para o resto da vida, inclusive os meus pais, n\u00e3o se preocupem, eu sou feliz, eu n\u00e3o tenho vergonha das minhas falhas, eu n\u00e3o sou doente, eu n\u00e3o quero o vosso dinheiro, eu n\u00e3o quero magoar [e] nada em troca\u201d<\/strong>, acrescentou.<\/p>\n<p>Marie escreveu ainda: <strong>\u201cQuero e irei apenas amar este homem para o resto da minha vida e morte. Conheci o homem que me leu, que me compreendeu, que me fez brilhar, que me ensinou que o amor n\u00e3o \u00e9 abuso, mas sim cuidado. Serei a tua mulher todos os dias e lutarei por n\u00f3s at\u00e9 a morte se esquecer de n\u00f3s, para sempre\u201d<\/strong>.<\/p>\n<p>Veja a publica\u00e7\u00e3o:<\/p>\n<blockquote class=\"instagram-media\" style=\"background: #FFF; border: 0; border-radius: 3px; box-shadow: 0 0 1px 0 rgba(0,0,0,0.5),0 1px 10px 0 rgba(0,0,0,0.15); margin: 1px; max-width: 540px; min-width: 326px; padding: 0; width: calc(100% - 2px);\" data-instgrm-captioned=\"\" data-instgrm-permalink=\"https:\/\/www.instagram.com\/p\/DP_kDRdiAzA\/?utm_source=ig_embed&amp;utm_campaign=loading\" data-instgrm-version=\"14\">\n<\/blockquote>\n<p>\t\t\t\t\t\t\t\t\t\t\t\t\t\t\t\t\t\t\t\t\t\t\t\t\t\t\t<script async src=\"\/\/www.instagram.com\/embed.js\"><\/script><\/p>\n","protected":false},"excerpt":{"rendered":"A influenciadora digital Marie reatou a rela\u00e7\u00e3o com o seu namorado \u201c30 anos mais velho\u201d, revelou L\u00e9o Caeiro&hellip;\n","protected":false},"author":2,"featured_media":118584,"comment_status":"","ping_status":"","sticky":false,"template":"","format":"standard","meta":{"footnotes":""},"categories":[142],"tags":[4782,114,115,356,27617,32,33,151],"class_list":{"0":"post-118583","1":"post","2":"type-post","3":"status-publish","4":"format-standard","5":"has-post-thumbnail","7":"category-tv","8":"tag-dilema","9":"tag-entertainment","10":"tag-entretenimento","11":"tag-marie","12":"tag-namorado-de-marie","13":"tag-portugal","14":"tag-pt","15":"tag-tv"},"share_on_mastodon":{"url":"https:\/\/pubeurope.com\/@pt\/115405954908714062","error":""},"_links":{"self":[{"href":"https:\/\/www.europesays.com\/pt\/wp-json\/wp\/v2\/posts\/118583","targetHints":{"allow":["GET"]}}],"collection":[{"href":"https:\/\/www.europesays.com\/pt\/wp-json\/wp\/v2\/posts"}],"about":[{"href":"https:\/\/www.europesays.com\/pt\/wp-json\/wp\/v2\/types\/post"}],"author":[{"embeddable":true,"href":"https:\/\/www.europesays.com\/pt\/wp-json\/wp\/v2\/users\/2"}],"replies":[{"embeddable":true,"href":"https:\/\/www.europesays.com\/pt\/wp-json\/wp\/v2\/comments?post=118583"}],"version-history":[{"count":0,"href":"https:\/\/www.europesays.com\/pt\/wp-json\/wp\/v2\/posts\/118583\/revisions"}],"wp:featuredmedia":[{"embeddable":true,"href":"https:\/\/www.europesays.com\/pt\/wp-json\/wp\/v2\/media\/118584"}],"wp:attachment":[{"href":"https:\/\/www.europesays.com\/pt\/wp-json\/wp\/v2\/media?parent=118583"}],"wp:term":[{"taxonomy":"category","embeddable":true,"href":"https:\/\/www.europesays.com\/pt\/wp-json\/wp\/v2\/categories?post=118583"},{"taxonomy":"post_tag","embeddable":true,"href":"https:\/\/www.europesays.com\/pt\/wp-json\/wp\/v2\/tags?post=118583"}],"curies":[{"name":"wp","href":"https:\/\/api.w.org\/{rel}","templated":true}]}}