{"id":118585,"date":"2025-10-20T10:13:19","date_gmt":"2025-10-20T10:13:19","guid":{"rendered":"https:\/\/www.europesays.com\/pt\/118585\/"},"modified":"2025-10-20T10:13:19","modified_gmt":"2025-10-20T10:13:19","slug":"bateria-fraca-e-modo-poupanca-sporting-sofre-para-passar-na-taca-cronica-de-jogo","status":"publish","type":"post","link":"https:\/\/www.europesays.com\/pt\/118585\/","title":{"rendered":"Bateria fraca e modo poupan\u00e7a: Sporting sofre para passar na Ta\u00e7a | Cr\u00f3nica de jogo"},"content":{"rendered":"<p>Neste s\u00e1bado, na Ta\u00e7a de Portugal, a ida do Sporting a Pa\u00e7os de Ferreira colocava frente a frente o segundo classificado da primeira divis\u00e3o e o terceiro da segunda \u2013 terceiro a contar do fim. A diferen\u00e7a de n\u00edvel e de desempenho nesta temporada era enorme, mas o Pa\u00e7os, que ainda n\u00e3o ganhou um jogo no campeonato, conseguiu esbater a dist\u00e2ncia com muita intensidade, concentra\u00e7\u00e3o e, sobretudo, aproveitando uma equipa \u201cleonina\u201d pouco interessada em estar ligada ao jogo durante largos minutos.<\/p>\n<p>O Sporting acabou por seguir em frente com um triunfo por 3-2, tendo sido obrigado a jogar um prolongamento para chegar a uma vit\u00f3ria justa.<\/p>\n<p><strong>Pa\u00e7os muito baixo<\/strong><\/p>\n<p>O Pa\u00e7os trouxe a este jogo um 5x4x1 bastante baixo, procurando responder \u00e0 sempre muito larga linha ofensiva do Sporting \u2013 frequentemente cinco ou seis jogadores na linha da frente.<\/p>\n<p>J\u00e1 Rui Borges, apesar de manter o desenho habitual em 4x2x3x1, mudou mais de metade do \u201conze\u201d, tendo Pedro Gon\u00e7alves na posi\u00e7\u00e3o 10.<\/p>\n<p>O jogo at\u00e9 come\u00e7ou com mais perigo do Pa\u00e7os, com o Sporting algo \u201cmole\u201d na zona defensiva. Houve duas transi\u00e7\u00f5es da equipa da casa nos primeiros cinco minutos \u2013 ambas com passividade \u201cleonina\u201d \u2013 e um terceiro momento, aos 18\u2019, com golo: Quaresma, algo desconcentrado, ficou a meio caminho entre a conten\u00e7\u00e3o e o duelo e acabou por n\u00e3o fazer nenhuma das coisas. Foi batido, Mangas demorou a fechar a zona interior e Jo\u00e3o Victor p\u00f4de lan\u00e7ar Lumungo pelo espa\u00e7o vazio, finalizando perante Virg\u00ednia.<\/p>\n<p>        &#13;<br \/>\n            &#13;<\/p>\n<p>A n\u00edvel ofensivo, o Sporting estava com dificuldades pelo facto de o Pa\u00e7os ter uma segunda linha muito fechada \u2013 os alas estavam muito por dentro. Parecia que o \u201couro\u201d estava no dois contra um que Vagiannidis e Quenda poderiam criar por fora, mas, curiosamente, o perigo chegou quando o Pa\u00e7os alterou a ideia-base.<\/p>\n<p>Os alas passaram a ser facilmente atra\u00eddos ao corredor e isso criou problemas. Primeiro aos 22\u2019, com Alisson a atrair tr\u00eas advers\u00e1rios. A bola rodou por Morita e Hjulmand, sempre a dois toques, e chegou ao apoio frontal de Ioannidis \u2013 pareceu sofrer pen\u00e1lti, mas o \u00e1rbitro retardou o apito para ver o resultado do remate posterior de Pote, que deu golo.<\/p>\n<p>Aos 31\u2019, novamente Alisson a comprometer tr\u00eas advers\u00e1rios e houve perigo de Pote. E aos 35\u2019 a mesma ideia, do lado oposto, com Quenda a atrair advers\u00e1rios e solicitar Pote por zonas interiores, com combina\u00e7\u00e3o com Ioannidis.<\/p>\n<p>A receita era sempre a mesma: ter os laterais por dentro, abrir Alisson e Quenda, atrair advers\u00e1rios ao um contra um e colocar a bola no espa\u00e7o interior, depois de comprometidas as ajudas.<\/p>\n<p>Parecia haver alguma inoc\u00eancia dos m\u00e9dios do Pa\u00e7os pela forma como eram atra\u00eddos \u00e0s ajudas no espa\u00e7o exterior, muitas vezes sem necessidade disso.<\/p>\n<p><strong>Mais passividade<\/strong><\/p>\n<p>Pouco depois do intervalo, nova passividade do Sporting e nova m\u00e1 postura de Mangas, muito perdido a n\u00edvel de posicionamento. Houve cruzamento de Lumungo e finaliza\u00e7\u00e3o de Jo\u00e3o Victor.<\/p>\n<p>O Sporting refez o empate aos 61\u2019, em mais uma sa\u00edda mal medida do guarda-redes Jeimes \u2013 tinha havido canto de Quenda e houve cabeceamento de Ioannidis antes da interven\u00e7\u00e3o do guarda-redes.<\/p>\n<p>A segunda parte n\u00e3o estava a ser muito diferente da primeira. O Sporting jogava em permanente ataque posicional, com o Pa\u00e7os a defender em 30 ou 40 metros, tendo a equipa muito junta.<\/p>\n<p>J\u00e1 havia, ainda assim, menos avidez nas ajudas aos laterais, algo que permitia \u00e0 equipa manter-se mais coesa, sem buracos na zona central provocados por jogadores chamados a compensar colegas em zonas exteriores.<\/p>\n<p>O Sporting estava a conseguir muito menos jogo interior e quando Rui Borges mexia na equipa parecia estar a preencher o ataque de jogadores novos, dando-se uma sobrepovoa\u00e7\u00e3o de m\u00e9rito discut\u00edvel \u2013 a equipa estava a jogar melhor quando conseguia atrair fora e ferir por dentro, ideia que precisa mais de espa\u00e7o e dinamismo do que de muita gente no espa\u00e7o interior.<\/p>\n<p>No prolongamento houve 3-2 aos 104\u2019, num lance de dois contra um de Fresneda e Catamo \u2013 o ala Mateus Martins, apesar de estar bastante fresco, n\u00e3o quis acompanhar Fresneda e contribuiu para o desequil\u00edbrio, que terminou com cruzamento do espanhol para autogolo de Tiago Ferreira.<\/p>\n","protected":false},"excerpt":{"rendered":"Neste s\u00e1bado, na Ta\u00e7a de Portugal, a ida do Sporting a Pa\u00e7os de Ferreira colocava frente a frente&hellip;\n","protected":false},"author":2,"featured_media":118586,"comment_status":"","ping_status":"","sticky":false,"template":"","format":"standard","meta":{"footnotes":""},"categories":[87],"tags":[135,27618,280,32,33,10804,34,134,3142],"class_list":{"0":"post-118585","1":"post","2":"type-post","3":"status-publish","4":"format-standard","5":"has-post-thumbnail","7":"category-desporto","8":"tag-desporto","9":"tag-fc-pacos-de-ferreira","10":"tag-futebol-nacional","11":"tag-portugal","12":"tag-pt","13":"tag-resultados-jogos","14":"tag-sporting","15":"tag-sports","16":"tag-taca-de-portugal"},"share_on_mastodon":{"url":"https:\/\/pubeurope.com\/@pt\/115405966802158906","error":""},"_links":{"self":[{"href":"https:\/\/www.europesays.com\/pt\/wp-json\/wp\/v2\/posts\/118585","targetHints":{"allow":["GET"]}}],"collection":[{"href":"https:\/\/www.europesays.com\/pt\/wp-json\/wp\/v2\/posts"}],"about":[{"href":"https:\/\/www.europesays.com\/pt\/wp-json\/wp\/v2\/types\/post"}],"author":[{"embeddable":true,"href":"https:\/\/www.europesays.com\/pt\/wp-json\/wp\/v2\/users\/2"}],"replies":[{"embeddable":true,"href":"https:\/\/www.europesays.com\/pt\/wp-json\/wp\/v2\/comments?post=118585"}],"version-history":[{"count":0,"href":"https:\/\/www.europesays.com\/pt\/wp-json\/wp\/v2\/posts\/118585\/revisions"}],"wp:featuredmedia":[{"embeddable":true,"href":"https:\/\/www.europesays.com\/pt\/wp-json\/wp\/v2\/media\/118586"}],"wp:attachment":[{"href":"https:\/\/www.europesays.com\/pt\/wp-json\/wp\/v2\/media?parent=118585"}],"wp:term":[{"taxonomy":"category","embeddable":true,"href":"https:\/\/www.europesays.com\/pt\/wp-json\/wp\/v2\/categories?post=118585"},{"taxonomy":"post_tag","embeddable":true,"href":"https:\/\/www.europesays.com\/pt\/wp-json\/wp\/v2\/tags?post=118585"}],"curies":[{"name":"wp","href":"https:\/\/api.w.org\/{rel}","templated":true}]}}