{"id":118593,"date":"2025-10-20T10:18:12","date_gmt":"2025-10-20T10:18:12","guid":{"rendered":"https:\/\/www.europesays.com\/pt\/118593\/"},"modified":"2025-10-20T10:18:12","modified_gmt":"2025-10-20T10:18:12","slug":"reserva-da-biosfera-da-arrabida-promove-plataforma-arrabida-walking-trails-com-rede-de-trilhos-pedestres","status":"publish","type":"post","link":"https:\/\/www.europesays.com\/pt\/118593\/","title":{"rendered":"Reserva da Biosfera da Arr\u00e1bida promove plataforma \u201cArr\u00e1bida Walking Trails\u201d com rede de trilhos pedestres"},"content":{"rendered":"<p>No \u00e2mbito da recente classifica\u00e7\u00e3o da <a href=\"https:\/\/diariodistrito.sapo.pt\/tag\/arrabida\/\" target=\"_blank\" rel=\"noreferrer noopener nofollow\">Arr\u00e1bida<\/a> como <strong>Reserva da Biosfera pela UNESCO<\/strong>, a Associa\u00e7\u00e3o de Munic\u00edpios da Regi\u00e3o de Set\u00fabal (AMRS), em colabora\u00e7\u00e3o com os <strong>munic\u00edpios de <a href=\"https:\/\/diariodistrito.sapo.pt\/tag\/palmela-3\/\" target=\"_blank\" rel=\"noreferrer noopener nofollow\">Palmela<\/a>, <a href=\"https:\/\/diariodistrito.sapo.pt\/tag\/sesimbra-3\/\" target=\"_blank\" rel=\"noreferrer noopener nofollow\">Sesimbra<\/a> e <a href=\"https:\/\/diariodistrito.sapo.pt\/tag\/distrito-de-setubal\/\" target=\"_blank\" rel=\"noreferrer noopener nofollow\">Set\u00fabal<\/a><\/strong> e o Instituto da Conserva\u00e7\u00e3o da Natureza e das Florestas (ICNF), lan\u00e7ou <a href=\"https:\/\/www.arrabidatrails.com\/\" target=\"_blank\" rel=\"noreferrer noopener nofollow\">o novo site <strong>Arr\u00e1bida Walking Trails<\/strong><\/a>.<\/p>\n<p>Esta \u00e9 a primeira a\u00e7\u00e3o do <strong>Plano de A\u00e7\u00e3o da Reserva da Biosfera<\/strong>. Est\u00e1 integrada no objetivo \u201cPromo\u00e7\u00e3o e Frui\u00e7\u00e3o: Um territ\u00f3rio por descobrir de forma sustent\u00e1vel\u201d.<\/p>\n<p>A plataforma digital apresenta uma rede de <strong>onze percursos pedestres de pequena rota<\/strong> (PR), que podem ser circulares ou lineares. Estes percursos <strong>atravessam aldeias, trilhos rurais, praias e pontos emblem\u00e1ticos da serra<\/strong>, como o Alto do Formosinho e o Alto da Vigia.<\/p>\n<p>Ferramentas digitais e grande rota at\u00e9 ao Cabo Espichel<\/p>\n<p>Cada trilho inclui <strong>fichas t\u00e9cnicas detalhadas e ficheiros GPX e KML<\/strong>, que permitem integrar as rotas em dispositivos GPS ou na aplica\u00e7\u00e3o Google Earth.<\/p>\n<p>Para os mais aventureiros, o site disponibiliza ainda a <strong>Grande Rota da Arr\u00e1bida<\/strong>, com cerca de <strong>60 quil\u00f3metros<\/strong>. Esta rota liga <strong>Set\u00fabal ao Cabo Espichel<\/strong> e integra-se na GR11-E9 \u2013 uma <strong>rota pedestre que se estende desde o Cabo de S\u00e3o Vicente at\u00e9 S\u00e3o Petersburgo<\/strong>, na R\u00fassia.<\/p>\n<p>Turismo consciente e preserva\u00e7\u00e3o ambiental<\/p>\n<p>A conce\u00e7\u00e3o dos percursos foi desenvolvida pelos <strong>munic\u00edpios de Set\u00fabal, Sesimbra e Palmela<\/strong>, em conjunto com o ICNF. A sua implementa\u00e7\u00e3o no terreno resultou ent\u00e3o de uma candidatura ao <strong>POSEUR \u2013 Programa Operacional Sustentabilidade e Efici\u00eancia no Uso de Recursos<\/strong>.<\/p>\n<p>Por outro lado, a AMRS recomenda <strong>realizar os trilhos entre setembro e junho, quando as temperaturas s\u00e3o mais amenas e h\u00e1 menor aflu\u00eancia nas praias<\/strong>. O guia online ajuda igualmente a escolher o <strong>percurso mais adequado ao perfil e experi\u00eancia<\/strong> de cada visitante.<\/p>\n<p>O lan\u00e7amento do \u201c<strong>Arr\u00e1bida Walking Trails<\/strong>\u201d refor\u00e7a assim o compromisso da Reserva da Biosfera com o <strong>turismo sustent\u00e1vel<\/strong> e a valoriza\u00e7\u00e3o do <strong>patrim\u00f3nio natural e cultural<\/strong> da regi\u00e3o.<\/p>\n","protected":false},"excerpt":{"rendered":"No \u00e2mbito da recente classifica\u00e7\u00e3o da Arr\u00e1bida como Reserva da Biosfera pela UNESCO, a Associa\u00e7\u00e3o de Munic\u00edpios da&hellip;\n","protected":false},"author":2,"featured_media":118594,"comment_status":"","ping_status":"","sticky":false,"template":"","format":"standard","meta":{"footnotes":""},"categories":[50],"tags":[27,28,15,16,14,25,26,21,22,62,12,13,19,20,23,24,17,18,29,30,31,63,64,65],"class_list":{"0":"post-118593","1":"post","2":"type-post","3":"status-publish","4":"format-standard","5":"has-post-thumbnail","7":"category-mundo","8":"tag-breaking-news","9":"tag-breakingnews","10":"tag-featured-news","11":"tag-featurednews","12":"tag-headlines","13":"tag-latest-news","14":"tag-latestnews","15":"tag-main-news","16":"tag-mainnews","17":"tag-mundo","18":"tag-news","19":"tag-noticias","20":"tag-noticias-principais","21":"tag-noticiasprincipais","22":"tag-principais-noticias","23":"tag-principaisnoticias","24":"tag-top-stories","25":"tag-topstories","26":"tag-ultimas","27":"tag-ultimas-noticias","28":"tag-ultimasnoticias","29":"tag-world","30":"tag-world-news","31":"tag-worldnews"},"share_on_mastodon":{"url":"https:\/\/pubeurope.com\/@pt\/115405986383116289","error":""},"_links":{"self":[{"href":"https:\/\/www.europesays.com\/pt\/wp-json\/wp\/v2\/posts\/118593","targetHints":{"allow":["GET"]}}],"collection":[{"href":"https:\/\/www.europesays.com\/pt\/wp-json\/wp\/v2\/posts"}],"about":[{"href":"https:\/\/www.europesays.com\/pt\/wp-json\/wp\/v2\/types\/post"}],"author":[{"embeddable":true,"href":"https:\/\/www.europesays.com\/pt\/wp-json\/wp\/v2\/users\/2"}],"replies":[{"embeddable":true,"href":"https:\/\/www.europesays.com\/pt\/wp-json\/wp\/v2\/comments?post=118593"}],"version-history":[{"count":0,"href":"https:\/\/www.europesays.com\/pt\/wp-json\/wp\/v2\/posts\/118593\/revisions"}],"wp:featuredmedia":[{"embeddable":true,"href":"https:\/\/www.europesays.com\/pt\/wp-json\/wp\/v2\/media\/118594"}],"wp:attachment":[{"href":"https:\/\/www.europesays.com\/pt\/wp-json\/wp\/v2\/media?parent=118593"}],"wp:term":[{"taxonomy":"category","embeddable":true,"href":"https:\/\/www.europesays.com\/pt\/wp-json\/wp\/v2\/categories?post=118593"},{"taxonomy":"post_tag","embeddable":true,"href":"https:\/\/www.europesays.com\/pt\/wp-json\/wp\/v2\/tags?post=118593"}],"curies":[{"name":"wp","href":"https:\/\/api.w.org\/{rel}","templated":true}]}}