{"id":118597,"date":"2025-10-20T10:25:27","date_gmt":"2025-10-20T10:25:27","guid":{"rendered":"https:\/\/www.europesays.com\/pt\/118597\/"},"modified":"2025-10-20T10:25:27","modified_gmt":"2025-10-20T10:25:27","slug":"se-ela-nao-for-vou-eu","status":"publish","type":"post","link":"https:\/\/www.europesays.com\/pt\/118597\/","title":{"rendered":"Se ela n\u00e3o for, vou eu&#8230;"},"content":{"rendered":"<p>Imediatamente ap\u00f3s ter <a href=\"https:\/\/www.hiper.fm\/vera-perde-a-cabeca-e-agride-dylan-nas-minhas-filhas-tu-nao-voltas-a-tocar\/\" target=\"_blank\" rel=\"noopener nofollow\">agredido Dylan com v\u00e1rias chapadas<\/a> na cara, Vera foi chamada ao confession\u00e1rio pela Voz. Dylan n\u00e3o s\u00f3 provocou a concorrente como tamb\u00e9m a desafiou a fazer as malas para ir embora do programa.<\/p>\n<p>Visto que a atitude de Vera d\u00e1 expuls\u00e3o direta, segundo as regras do\u00a0reality show, Dylan amea\u00e7ou sair se a concorrente n\u00e3o abandonar o programa: \u201c<strong>Pode \u00e9 fazer j\u00e1 as malas para ir para casa, porque sen\u00e3o vou eu. Porque se ela n\u00e3o for, vou eu<\/strong>\u201c.<\/p>\n<p>O concorrente de Viana do Castelo mostrou-se perent\u00f3rio e tamb\u00e9m revoltado: \u201c<strong>Se ela n\u00e3o for embora, vou eu, que eu n\u00e3o estou aqui para andar a levar chapadas de ningu\u00e9m<\/strong>\u201c.<\/p>\n<p><a href=\"https:\/\/tvi.iol.pt\/secretstory\/videos\/a-reacao-de-dylan-depois-de-atitude-de-vera-se-ela-nao-for-embora-vou-eu\/68f5e9e30cf29d28d829747b\" target=\"_blank\" rel=\"noopener nofollow\">Veja o v\u00eddeo aqui<\/a>.<\/p>\n","protected":false},"excerpt":{"rendered":"Imediatamente ap\u00f3s ter agredido Dylan com v\u00e1rias chapadas na cara, Vera foi chamada ao confession\u00e1rio pela Voz. Dylan&hellip;\n","protected":false},"author":2,"featured_media":118598,"comment_status":"","ping_status":"","sticky":false,"template":"","format":"standard","meta":{"footnotes":""},"categories":[8],"tags":[27620,27,28,1661,19105,27621,15,16,14,25,26,21,22,12,13,19,20,32,23,24,33,13947,1315,17,18,29,30,31,11841],"class_list":{"0":"post-118597","1":"post","2":"type-post","3":"status-publish","4":"format-standard","5":"has-post-thumbnail","7":"category-principais-noticias","8":"tag-ameau00e7a","9":"tag-breaking-news","10":"tag-breakingnews","11":"tag-destaque","12":"tag-dylan","13":"tag-expulsa","14":"tag-featured-news","15":"tag-featurednews","16":"tag-headlines","17":"tag-latest-news","18":"tag-latestnews","19":"tag-main-news","20":"tag-mainnews","21":"tag-news","22":"tag-noticias","23":"tag-noticias-principais","24":"tag-noticiasprincipais","25":"tag-portugal","26":"tag-principais-noticias","27":"tag-principaisnoticias","28":"tag-pt","29":"tag-sair","30":"tag-secret-story","31":"tag-top-stories","32":"tag-topstories","33":"tag-ultimas","34":"tag-ultimas-noticias","35":"tag-ultimasnoticias","36":"tag-vera"},"share_on_mastodon":{"url":"https:\/\/pubeurope.com\/@pt\/115406014115417685","error":""},"_links":{"self":[{"href":"https:\/\/www.europesays.com\/pt\/wp-json\/wp\/v2\/posts\/118597","targetHints":{"allow":["GET"]}}],"collection":[{"href":"https:\/\/www.europesays.com\/pt\/wp-json\/wp\/v2\/posts"}],"about":[{"href":"https:\/\/www.europesays.com\/pt\/wp-json\/wp\/v2\/types\/post"}],"author":[{"embeddable":true,"href":"https:\/\/www.europesays.com\/pt\/wp-json\/wp\/v2\/users\/2"}],"replies":[{"embeddable":true,"href":"https:\/\/www.europesays.com\/pt\/wp-json\/wp\/v2\/comments?post=118597"}],"version-history":[{"count":0,"href":"https:\/\/www.europesays.com\/pt\/wp-json\/wp\/v2\/posts\/118597\/revisions"}],"wp:featuredmedia":[{"embeddable":true,"href":"https:\/\/www.europesays.com\/pt\/wp-json\/wp\/v2\/media\/118598"}],"wp:attachment":[{"href":"https:\/\/www.europesays.com\/pt\/wp-json\/wp\/v2\/media?parent=118597"}],"wp:term":[{"taxonomy":"category","embeddable":true,"href":"https:\/\/www.europesays.com\/pt\/wp-json\/wp\/v2\/categories?post=118597"},{"taxonomy":"post_tag","embeddable":true,"href":"https:\/\/www.europesays.com\/pt\/wp-json\/wp\/v2\/tags?post=118597"}],"curies":[{"name":"wp","href":"https:\/\/api.w.org\/{rel}","templated":true}]}}