{"id":118601,"date":"2025-10-20T10:28:13","date_gmt":"2025-10-20T10:28:13","guid":{"rendered":"https:\/\/www.europesays.com\/pt\/118601\/"},"modified":"2025-10-20T10:28:13","modified_gmt":"2025-10-20T10:28:13","slug":"paraiso-esquecido-entre-o-mar-e-a-br-101-na-grande-florianopolis-vira-livro","status":"publish","type":"post","link":"https:\/\/www.europesays.com\/pt\/118601\/","title":{"rendered":"Para\u00edso esquecido entre o mar e a BR-101 na Grande Florian\u00f3polis vira livro"},"content":{"rendered":"<p>                            <img width=\"944\" height=\"531\" src=\"https:\/\/www.europesays.com\/pt\/wp-content\/uploads\/2025\/10\/enseada-7-944x531.jpg\" class=\"attachment-custom-large size-custom-large article-featured-image\" alt=\"\" fetchpriority=\"high\" decoding=\"async\"  \/><\/p>\n<p>Enseada de Brito (Foto: Caio Cezar)<\/p>\n<p>No \u00faltimo s\u00e1bado (18), em Palho\u00e7a, uma celebra\u00e7\u00e3o da cultura a\u00e7oriana marcou o lan\u00e7amento de um livro que resgata a hist\u00f3ria e as tradi\u00e7\u00f5es de uma das comunidades mais antigas e encantadoras da regi\u00e3o.<\/p>\n<p>Continua depois da publicidade<\/p>\n<p>Em meio \u00e0s cantorias da Festa do Divino e a um ambiente que remonta \u00e0 cultura dos a\u00e7orianos que colonizaram a regi\u00e3o, Palho\u00e7a celebrou a preserva\u00e7\u00e3o de um dos lugares mais encantadores e ainda pouco conhecidos da Grande Florian\u00f3polis: a Enseada de Brito.<\/p>\n<p>Enseada de Brito, em Palho\u00e7a, \u00e9 a beleza a\u00e7oriana pouco conhecida:1<\/p>\n<p>VoltarAvan\u00e7ar<\/p>\n<p><img loading=\"lazy\" decoding=\"async\" width=\"1200\" height=\"675\" data-id=\"7689484\" src=\"https:\/\/www.europesays.com\/pt\/wp-content\/uploads\/2025\/10\/enseada-2.jpg\" alt=\"\" class=\"wp-image-7689484\"  \/><\/p>\n<p>Enseada de Brito (Foto: Caio Cezar)<\/p>\n<p><img loading=\"lazy\" decoding=\"async\" width=\"1200\" height=\"675\" data-id=\"7689486\" src=\"https:\/\/www.europesays.com\/pt\/wp-content\/uploads\/2025\/10\/enseada-3.jpg\" alt=\"\" class=\"wp-image-7689486\"  \/><\/p>\n<p>Enseada de Brito (Foto: Caio Cezar)<\/p>\n<p><img loading=\"lazy\" decoding=\"async\" width=\"1200\" height=\"675\" data-id=\"7689485\" src=\"https:\/\/www.europesays.com\/pt\/wp-content\/uploads\/2025\/10\/enseada-4.jpg\" alt=\"\" class=\"wp-image-7689485\"  \/><\/p>\n<p>Enseada de Brito (Foto: Caio Cezar)<\/p>\n<p><img loading=\"lazy\" decoding=\"async\" width=\"1200\" height=\"675\" data-id=\"7689488\" src=\"https:\/\/www.europesays.com\/pt\/wp-content\/uploads\/2025\/10\/enseada-5.jpg\" alt=\"\" class=\"wp-image-7689488\"  \/><\/p>\n<p>Enseada de Brito (Foto: Caio Cezar)<\/p>\n<p><img loading=\"lazy\" decoding=\"async\" width=\"1200\" height=\"675\" data-id=\"7689487\" src=\"https:\/\/www.europesays.com\/pt\/wp-content\/uploads\/2025\/10\/enseada-6.jpg\" alt=\"\" class=\"wp-image-7689487\"  \/><\/p>\n<p>Enseada de Brito (Foto: Caio Cezar)<\/p>\n<p><img loading=\"lazy\" decoding=\"async\" width=\"1200\" height=\"675\" data-id=\"7689491\" src=\"https:\/\/www.europesays.com\/pt\/wp-content\/uploads\/2025\/10\/enseada-1.jpg\" alt=\"\" class=\"wp-image-7689491\"  \/><\/p>\n<p>Enseada de Brito (Foto: Caio Cezar)<\/p>\n<p>O lan\u00e7amento do livro \u201cEnseada de Brito \u2013 Gente e Mem\u00f3ria\u201d, de Carla Arag\u00f3n, com fotos de Caio C\u00e9zar, aconteceu na Casa da Cultura local e reuniu autores, convidados e moradores da comunidade.<\/p>\n<p>O evento foi realizado em um caf\u00e9 t\u00edpico a\u00e7oriano feito pela comunidade, ponto de encontro de hist\u00f3rias e lembran\u00e7as que inspiraram a obra \u2014 um verdadeiro retrato desse para\u00edso entre o mar e a BR-101.<\/p>\n<p>A solenidade contou com a presen\u00e7a dos autores, autoridades de Palho\u00e7a e de v\u00e1rios personagens do livro, que refor\u00e7aram o compromisso com a valoriza\u00e7\u00e3o das comunidades tradicionais e do patrim\u00f4nio hist\u00f3rico.<\/p>\n<p>Continua depois da publicidade<\/p>\n<p>Um encontro que uniu f\u00e9, cultura e mem\u00f3ria \u2014 redescobrindo um para\u00edso ainda ignorado no cora\u00e7\u00e3o da Grande Florian\u00f3polis.<\/p>\n<p>Leia Mais:<\/p>\n<p><a href=\"https:\/\/www.nsctotal.com.br\/colunistas\/renato-igor\/Via-sacra: paciente \u00e9 for\u00e7ada a percorrer 140 mil quil\u00f4metros para tratamento m\u00e9dico em SC\" rel=\"nofollow noopener\" target=\"_blank\">Via-sacra: paciente \u00e9 for\u00e7ada a percorrer 140 mil quil\u00f4metros para tratamento m\u00e9dico em SC<\/a><\/p>\n<p><a href=\"https:\/\/www.nsctotal.com.br\/colunistas\/renato-igor\/bairro-raiz-de-florianopolis-surpreende-e-lidera-valorizacao-em-2025\" rel=\"nofollow noopener\" target=\"_blank\">Bairro raiz de Florian\u00f3polis surpreende e lidera valoriza\u00e7\u00e3o em 2025<\/a><\/p>\n<p><a href=\"https:\/\/www.nsctotal.com.br\/colunistas\/renato-igor\/bandidos-trocam-assalto-a-banco-por-crimes-sem-violencia-pena-menor-e-mais-lucro-em-sc\" rel=\"nofollow noopener\" target=\"_blank\">Bandidos trocam assalto a banco por crimes sem viol\u00eancia, pena menor e mais lucro em SC<\/a><\/p>\n<p><strong><a href=\"https:\/\/www.nsctotal.com.br\/colunistas\/renato-igor\/o-paraiso-ignorado-entre-o-mar-e-a-br-101-na-grande-florianopolis\" rel=\"nofollow noopener\" target=\"_blank\">O para\u00edso ignorado entre o mar e a BR-101 na Grande Florian\u00f3polis<\/a><\/strong><a href=\"https:\/\/www.nsctotal.com.br\/colunistas\/renato-igor\/Via-sacra: paciente \u00e9 for\u00e7ada a percorrer 140 mil quil\u00f4metros para tratamento m\u00e9dico em SC\" rel=\"nofollow noopener\" target=\"_blank\"><br \/><\/a><\/p>\n","protected":false},"excerpt":{"rendered":"Enseada de Brito (Foto: Caio Cezar) No \u00faltimo s\u00e1bado (18), em Palho\u00e7a, uma celebra\u00e7\u00e3o da cultura a\u00e7oriana marcou&hellip;\n","protected":false},"author":2,"featured_media":118602,"comment_status":"","ping_status":"","sticky":false,"template":"","format":"standard","meta":{"footnotes":""},"categories":[143],"tags":[169,829,27622,114,115,170,32,33],"class_list":{"0":"post-118601","1":"post","2":"type-post","3":"status-publish","4":"format-standard","5":"has-post-thumbnail","7":"category-livros","8":"tag-books","9":"tag-conteudo-liberado","10":"tag-enseada","11":"tag-entertainment","12":"tag-entretenimento","13":"tag-livros","14":"tag-portugal","15":"tag-pt"},"share_on_mastodon":{"url":"https:\/\/pubeurope.com\/@pt\/115406026082311107","error":""},"_links":{"self":[{"href":"https:\/\/www.europesays.com\/pt\/wp-json\/wp\/v2\/posts\/118601","targetHints":{"allow":["GET"]}}],"collection":[{"href":"https:\/\/www.europesays.com\/pt\/wp-json\/wp\/v2\/posts"}],"about":[{"href":"https:\/\/www.europesays.com\/pt\/wp-json\/wp\/v2\/types\/post"}],"author":[{"embeddable":true,"href":"https:\/\/www.europesays.com\/pt\/wp-json\/wp\/v2\/users\/2"}],"replies":[{"embeddable":true,"href":"https:\/\/www.europesays.com\/pt\/wp-json\/wp\/v2\/comments?post=118601"}],"version-history":[{"count":0,"href":"https:\/\/www.europesays.com\/pt\/wp-json\/wp\/v2\/posts\/118601\/revisions"}],"wp:featuredmedia":[{"embeddable":true,"href":"https:\/\/www.europesays.com\/pt\/wp-json\/wp\/v2\/media\/118602"}],"wp:attachment":[{"href":"https:\/\/www.europesays.com\/pt\/wp-json\/wp\/v2\/media?parent=118601"}],"wp:term":[{"taxonomy":"category","embeddable":true,"href":"https:\/\/www.europesays.com\/pt\/wp-json\/wp\/v2\/categories?post=118601"},{"taxonomy":"post_tag","embeddable":true,"href":"https:\/\/www.europesays.com\/pt\/wp-json\/wp\/v2\/tags?post=118601"}],"curies":[{"name":"wp","href":"https:\/\/api.w.org\/{rel}","templated":true}]}}