{"id":118613,"date":"2025-10-20T10:42:07","date_gmt":"2025-10-20T10:42:07","guid":{"rendered":"https:\/\/www.europesays.com\/pt\/118613\/"},"modified":"2025-10-20T10:42:07","modified_gmt":"2025-10-20T10:42:07","slug":"tregua-fragil-restabelecida-ajuda-humanitaria-em-gaza-apos-bombardeamentos","status":"publish","type":"post","link":"https:\/\/www.europesays.com\/pt\/118613\/","title":{"rendered":"Tr\u00e9gua fr\u00e1gil. Restabelecida ajuda humanit\u00e1ria em Gaza ap\u00f3s bombardeamentos"},"content":{"rendered":"<p>                    <b>O cessar-fogo foi retomado, ap\u00f3s um ataque a\u00e9reo israelita ter vitimado dezenas de pessoas na Faixa de Gaza.<\/b> O an\u00fancio foi feito pelas pr\u00f3prias For\u00e7as de Defesa de Israel, que acusaram o Hamas de ter morto dois soldados israelitas e responderam no domingo com um bombardeamento.<\/p>\n<p>De acordo com o jornal Ynet, o<b> fluxo de cami\u00f5es de ajuda humanit\u00e1ria seria \u201cretomado quando os bombardeamentos cessarem\u201d<\/b>, embora a passagem fronteiri\u00e7a de Rafah permane\u00e7a encerrada at\u00e9 que o Hamas devolva os corpos dos 16 ref\u00e9ns que ainda det\u00e9m.<\/p>\n<p>A emissora Canal 12 adiantou que <b>o Governo israelita seguiu uma recomenda\u00e7\u00e3o do Ex\u00e9rcito para suspender temporariamente a entrada de ajuda humanit\u00e1ria ap\u00f3s confrontos registados esta manh\u00e3 em Rafah, no sul de Gaza, entre soldados israelitas e alegados pol\u00edcias do Hamas<\/b> \u2014 um epis\u00f3dio negado pelo movimento islamita.<\/p>\n<p>Mas no domingo \u00e0 noite, <b>o Executivo de Benjamin Netanyahu anunciou ter restaurado a tr\u00e9gua, assegurando que \u201ccontinuar\u00e1 a aplicar o acordo de cessar-fogo e responder\u00e1 firmemente a qualquer viola\u00e7\u00e3o do mesmo\u201d<\/b>.<br \/>&#13;<br \/>\nBombardeamento sob &#8220;revis\u00e3o&#8221; norte-americana<br \/>&#13;<br \/>\nO presidente dos Estados Unidos confirmou, esta segunda-feira, que o cessar-fogo que a Administra\u00e7\u00e3o norte-americana intermediou ainda est\u00e1 em vigor e considerou que a lideran\u00e7a do Hamas pode n\u00e3o estar envolvida nas viola\u00e7\u00f5es do acordo, apesar de continuar a ser \u201cbastante turbulento\u201d e de continuar \u201calguns tiroteios\u201d. <b>Ainda assim, Trump acredita que a culpa ser\u00e1 dos \u201crebeldes\u201d do movimento isl\u00e2mico e n\u00e3o dos l\u00edderes.<\/b><\/p>\n<p><b>&#8220;Achamos que talvez a lideran\u00e7a n\u00e3o esteja envolvida nisso&#8221;<\/b>, disse Donald Trump aos jornalistas a bordo do Air Force One. &#8220;De qualquer forma, o assunto ser\u00e1 tratado com firmeza, mas de forma adequada\u201d.Trump acrescentou n\u00e3o saber se os ataques israelitas tinham justifica\u00e7\u00e3o e estavam a ser alvo de \u201crevis\u00e3o\u201d.<\/p>\n<p><b>\u201cTerei de falar com eles sobre isso. (\u2026) Teremos que ver o que est\u00e1 a acontecer. Queremos ter certeza de que ser\u00e1 muito pac\u00edfico com o Hamas&#8221;<\/b>, adiantou.<\/p>\n<p>A ajuda humanit\u00e1ria a Gaza ter\u00e1 sido retomada esta segunda-feira ap\u00f3s press\u00e3o dos EUA, segundo uma fonte israelita citada pela Reuters, logo ap\u00f3s Israel anunciar uma interrup\u00e7\u00e3o no fornecimento em resposta ao que chamou de uma viola\u00e7\u00e3o &#8220;flagrante&#8221; da tr\u00e9gua pelo Hamas.<\/p>\n<p>Est\u00e1 prevista a chegada de altos funcion\u00e1rios dos EUA &#8211; incluindo o vice-presidente JD Vance, o genro de Trump, Jared Kushner, e o enviado especial, Steve Witkoff &#8211; com o objetivo de obrigar Israel a cumprir o acordo assinado no Egito.<\/p>\n<p>&#13;<br \/>\n<b>\u201cA maior mensagem que tentamos transmitir ao Governo israelita \u00e9 que, agora que a guerra acabou, se querem integrar Israel no M\u00e9dio Oriente, t\u00eam de encontrar uma maneira de ajudar o povo palestiniano a prosperar e a melhorar\u201d<\/b>, afirmou Jared Kushner \u00e0 CBS News.&#13;\n<\/p>\n<p>Pelo menos 97 palestinianos mortos desde o cessar-fogo<br \/>\nPelo menos 97 palestinianos foram mortos pelas for\u00e7as israelitas e outros 230 ficaram feridos em Gaza desde que o cessar-fogo entrou em vigor a 10 de outubro.<br \/>\n<b><br \/>&#13;<br \/>\n&#8220;Afirmamos que a ocupa\u00e7\u00e3o israelita cometeu uma s\u00e9rie de viola\u00e7\u00f5es graves e repetidas desde o an\u00fancio do fim da guerra na Faixa de Gaza, totalizando 80 viola\u00e7\u00f5es documentadas at\u00e9 domingo&#8221;<\/b>, afirmou a assessoria de comunica\u00e7\u00e3o do Governo do Hamas, no domingo \u00e0 noite.<\/p>\n<p><b>Entre as viola\u00e7\u00f5es referidas est\u00e3o os disparos diretos contra civis, os bombardeamentos e ataques deliberados, e a deten\u00e7\u00e3o de v\u00e1rios civis, entre outras.<\/b><\/p>\n<p>&#8220;Isto constitui uma viola\u00e7\u00e3o flagrante e clara da decis\u00e3o de cessar-fogo e das normas do direito internacional humanit\u00e1rio&#8221;, acrescentou o Governo do enclave palestiniano.<br \/>&#13;<br \/>\n<b><br \/>&#13;<br \/>\nS\u00f3 no domingo, pelo menos 35 palestinianos foram mortos em dezenas de bombardeamentos em diferentes zonas da Faixa de Gaza, de acordo com uma contagem feita por jornalistas de Gaza com recurso a dados das morgues de hospitais.<\/b><\/p>\n<p>Israel acusa o Hamas de violar o cessar-fogo e pelas mortes de dois soldados israelitas em Gaza no domingo.&#13;\n<\/p>\n<p>&#13;<br \/>\nc\/ ag\u00eancias&#13;<\/p>\n","protected":false},"excerpt":{"rendered":"O cessar-fogo foi retomado, ap\u00f3s um ataque a\u00e9reo israelita ter vitimado dezenas de pessoas na Faixa de Gaza.&hellip;\n","protected":false},"author":2,"featured_media":118614,"comment_status":"","ping_status":"","sticky":false,"template":"","format":"standard","meta":{"footnotes":""},"categories":[50],"tags":[79,27,28,257,15,16,255,14,259,25,26,21,22,62,12,13,19,20,23,24,17,18,29,30,31,63,64,65],"class_list":{"0":"post-118613","1":"post","2":"type-post","3":"status-publish","4":"format-standard","5":"has-post-thumbnail","7":"category-mundo","8":"tag-ataque","9":"tag-breaking-news","10":"tag-breakingnews","11":"tag-faixa-de-gaza","12":"tag-featured-news","13":"tag-featurednews","14":"tag-hamas","15":"tag-headlines","16":"tag-israel","17":"tag-latest-news","18":"tag-latestnews","19":"tag-main-news","20":"tag-mainnews","21":"tag-mundo","22":"tag-news","23":"tag-noticias","24":"tag-noticias-principais","25":"tag-noticiasprincipais","26":"tag-principais-noticias","27":"tag-principaisnoticias","28":"tag-top-stories","29":"tag-topstories","30":"tag-ultimas","31":"tag-ultimas-noticias","32":"tag-ultimasnoticias","33":"tag-world","34":"tag-world-news","35":"tag-worldnews"},"share_on_mastodon":{"url":"https:\/\/pubeurope.com\/@pt\/115406080896289007","error":""},"_links":{"self":[{"href":"https:\/\/www.europesays.com\/pt\/wp-json\/wp\/v2\/posts\/118613","targetHints":{"allow":["GET"]}}],"collection":[{"href":"https:\/\/www.europesays.com\/pt\/wp-json\/wp\/v2\/posts"}],"about":[{"href":"https:\/\/www.europesays.com\/pt\/wp-json\/wp\/v2\/types\/post"}],"author":[{"embeddable":true,"href":"https:\/\/www.europesays.com\/pt\/wp-json\/wp\/v2\/users\/2"}],"replies":[{"embeddable":true,"href":"https:\/\/www.europesays.com\/pt\/wp-json\/wp\/v2\/comments?post=118613"}],"version-history":[{"count":0,"href":"https:\/\/www.europesays.com\/pt\/wp-json\/wp\/v2\/posts\/118613\/revisions"}],"wp:featuredmedia":[{"embeddable":true,"href":"https:\/\/www.europesays.com\/pt\/wp-json\/wp\/v2\/media\/118614"}],"wp:attachment":[{"href":"https:\/\/www.europesays.com\/pt\/wp-json\/wp\/v2\/media?parent=118613"}],"wp:term":[{"taxonomy":"category","embeddable":true,"href":"https:\/\/www.europesays.com\/pt\/wp-json\/wp\/v2\/categories?post=118613"},{"taxonomy":"post_tag","embeddable":true,"href":"https:\/\/www.europesays.com\/pt\/wp-json\/wp\/v2\/tags?post=118613"}],"curies":[{"name":"wp","href":"https:\/\/api.w.org\/{rel}","templated":true}]}}