{"id":118615,"date":"2025-10-20T10:43:21","date_gmt":"2025-10-20T10:43:21","guid":{"rendered":"https:\/\/www.europesays.com\/pt\/118615\/"},"modified":"2025-10-20T10:43:21","modified_gmt":"2025-10-20T10:43:21","slug":"governo-espanhol-vai-propor-a-ue-fim-definitivo-da-mudanca-da-hora-na-europa","status":"publish","type":"post","link":"https:\/\/www.europesays.com\/pt\/118615\/","title":{"rendered":"Governo Espanhol vai propor \u00e0 UE fim definitivo da mudan\u00e7a da hora na Europa"},"content":{"rendered":"<p class=\"category\"><a href=\"https:\/\/sicnoticias.pt\/mundo\" rel=\"nofollow noopener\" target=\"_blank\">Mundo<\/a><\/p>\n<p>Portugal continental e as regi\u00f5es aut\u00f3nomas da Madeira e dos A\u00e7ores v\u00e3o atrasar os rel\u00f3gios uma hora na madrugada do pr\u00f3ximo domingo.<\/p>\n<p><img decoding=\"async\" src=\"https:\/\/www.europesays.com\/pt\/wp-content\/uploads\/2025\/10\/1760957001_438_original.webp\" alt=\"Governo Espanhol vai propor \u00e0 UE fim definitivo da mudan\u00e7a da hora na Europa\"\/><\/p>\n<p>Olena Ruban<\/p>\n<p><strong>O chefe do Governo espanhol, Pedro S\u00e1nchez, anunciou que a Espanha ir\u00e1 propor esta segunda-feira \u00e0 Uni\u00e3o Europeia o fim definitivo da mudan\u00e7a de hora na Europa.<\/strong><\/p>\n<p>S\u00e1nchez divulgou essa decis\u00e3o nas redes sociais na semana em que, como \u00e9 pr\u00e1tica habitual, <strong>ser\u00e1 necess\u00e1rio mudar para o hor\u00e1rio de inverno <\/strong>na Uni\u00e3o Europeia.<\/p>\n<p>Para o chefe do Executivo espanhol, essa mudan\u00e7a de hor\u00e1rio j\u00e1 n\u00e3o faz sentido, a maioria dos cidad\u00e3os reclama que ela n\u00e3o seja feita e a ci\u00eancia afirma que j\u00e1 <strong>n\u00e3o representa uma economia de energia e perturba os ritmos biol\u00f3gicos.<\/strong><\/p>\n<p>O atual regime de mudan\u00e7a da hora \u00e9 regulado por uma diretiva (lei comunit\u00e1ria) de 2000, que prev\u00ea que todos os anos os rel\u00f3gios sejam, respetivamente, adiantados e atrasados uma hora no \u00faltimo domingo de mar\u00e7o e no \u00faltimo domingo de outubro, marcando o in\u00edcio e o fim da hora de ver\u00e3o.<\/p>\n<p>Rel\u00f3gios atrasam uma hora na madrugada de domingo<\/p>\n<p>Portugal continental e as regi\u00f5es aut\u00f3nomas da Madeira e dos A\u00e7ores<strong> v\u00e3o atrasar os rel\u00f3gios uma hora na madrugada do pr\u00f3ximo domingo<\/strong>, dando in\u00edcio ao hor\u00e1rio de inverno.<\/p>\n<p>Na madrugada de domingo (26 de outubro), em Portugal continental e na Regi\u00e3o Aut\u00f3noma da Madeira, <strong>quando forem 02h00 os rel\u00f3gios devem ser atrasados 60 minutos, passando para a 01h00.<\/strong><\/p>\n<p>Na Regi\u00e3o Aut\u00f3noma dos A\u00e7ores, a mudan\u00e7a ser\u00e1 feita \u00e0 01h00 da madrugada de domingo, passando para as 00:00.<\/p>\n<p>A hora legal voltar\u00e1 depois a mudar a 29 de mar\u00e7o 2026, para o regime de ver\u00e3o.<\/p>\n","protected":false},"excerpt":{"rendered":"Mundo Portugal continental e as regi\u00f5es aut\u00f3nomas da Madeira e dos A\u00e7ores v\u00e3o atrasar os rel\u00f3gios uma hora&hellip;\n","protected":false},"author":2,"featured_media":118616,"comment_status":"","ping_status":"","sticky":false,"template":"","format":"standard","meta":{"footnotes":""},"categories":[10],"tags":[27,28,15,16,14,25,26,21,22,12,13,19,20,32,23,24,33,17,18,29,30,31],"class_list":{"0":"post-118615","1":"post","2":"type-post","3":"status-publish","4":"format-standard","5":"has-post-thumbnail","7":"category-portugal","8":"tag-breaking-news","9":"tag-breakingnews","10":"tag-featured-news","11":"tag-featurednews","12":"tag-headlines","13":"tag-latest-news","14":"tag-latestnews","15":"tag-main-news","16":"tag-mainnews","17":"tag-news","18":"tag-noticias","19":"tag-noticias-principais","20":"tag-noticiasprincipais","21":"tag-portugal","22":"tag-principais-noticias","23":"tag-principaisnoticias","24":"tag-pt","25":"tag-top-stories","26":"tag-topstories","27":"tag-ultimas","28":"tag-ultimas-noticias","29":"tag-ultimasnoticias"},"share_on_mastodon":{"url":"https:\/\/pubeurope.com\/@pt\/115406084919066305","error":""},"_links":{"self":[{"href":"https:\/\/www.europesays.com\/pt\/wp-json\/wp\/v2\/posts\/118615","targetHints":{"allow":["GET"]}}],"collection":[{"href":"https:\/\/www.europesays.com\/pt\/wp-json\/wp\/v2\/posts"}],"about":[{"href":"https:\/\/www.europesays.com\/pt\/wp-json\/wp\/v2\/types\/post"}],"author":[{"embeddable":true,"href":"https:\/\/www.europesays.com\/pt\/wp-json\/wp\/v2\/users\/2"}],"replies":[{"embeddable":true,"href":"https:\/\/www.europesays.com\/pt\/wp-json\/wp\/v2\/comments?post=118615"}],"version-history":[{"count":0,"href":"https:\/\/www.europesays.com\/pt\/wp-json\/wp\/v2\/posts\/118615\/revisions"}],"wp:featuredmedia":[{"embeddable":true,"href":"https:\/\/www.europesays.com\/pt\/wp-json\/wp\/v2\/media\/118616"}],"wp:attachment":[{"href":"https:\/\/www.europesays.com\/pt\/wp-json\/wp\/v2\/media?parent=118615"}],"wp:term":[{"taxonomy":"category","embeddable":true,"href":"https:\/\/www.europesays.com\/pt\/wp-json\/wp\/v2\/categories?post=118615"},{"taxonomy":"post_tag","embeddable":true,"href":"https:\/\/www.europesays.com\/pt\/wp-json\/wp\/v2\/tags?post=118615"}],"curies":[{"name":"wp","href":"https:\/\/api.w.org\/{rel}","templated":true}]}}