{"id":118617,"date":"2025-10-20T10:44:17","date_gmt":"2025-10-20T10:44:17","guid":{"rendered":"https:\/\/www.europesays.com\/pt\/118617\/"},"modified":"2025-10-20T10:44:17","modified_gmt":"2025-10-20T10:44:17","slug":"madrid-vai-propor-a-ue-o-fim-definitivo-da-mudanca-de-hora-na-europa-relogios-atrasam-uma-hora-no-proximo-fim-de-semana-expresso-2","status":"publish","type":"post","link":"https:\/\/www.europesays.com\/pt\/118617\/","title":{"rendered":"Madrid vai propor \u00e0 UE o fim definitivo da mudan\u00e7a de hora na Europa: rel\u00f3gios atrasam uma hora no pr\u00f3ximo fim de semana &#8211; Expresso"},"content":{"rendered":"<ol>\n<li><a href=\"https:\/\/news.google.com\/rss\/articles\/CBMi_gFBVV95cUxQVjI3Rm4wS1lVZDFjbTdCNy1oSXNhSzFvRUlGRDE5d3hsQllKSzlQUlRaa1JNcUxORk1QUjEtZmJOQ2wzcEJHejJTdmxXb0ZOUW9wRnBROWJxaFJJbDl1SDlYRXh2cWNhcVIzMDFjbU04dGNxQkwwVG1EZ2F0QlV6aTFydjZLZmdaVnVQSVJ6dnROWUNoQ1FfdWl6eFlwOGVpYUZRVzlVSUk4VUhHRTg1a3BZUVA1U1lpWVgyZjVOLW1MbGlXam1zZndzbVpVdlM3cG9UR3lUWTUwdThUVFZaSHJsZE83ald4b3J4bWlGcXBOVDBoR3J6U3d4b1VmZ9IBmAJBVV95cUxPZHo1dEhFTDdUSjloUWlTNHhPS0dpLUNoZFFUZmw3bVZCelQ1Yi1hajRLd1NpazFNY1NwTTBwS0lIY29rblFGLTBNRFdPbkZHdmRfenN0dlZmTVVBSEVHanp5U2FfNzcxRl9JN3NFN1N6X2g5a2MyUjRPOVBRTDdNbVdtZUdlaml6RTdHRGU1eFhHZzluSUwwZ3NTaHgtbk9HcVNUNktCVUl1Z2hvMThXU3l0YmpLY012QXNUNjh6ek1ObnQzQU1TeUd1R01GeE1lZDVjM2xqZkZCMkJjMnBRNHFmTTFzLW1aTmQxbjV0VENrUDc4VzF1dXJSb0I5aWtodGxiYXdBTlc3Tmh0bWVaQXh3Mmltb0VS?oc=5\" target=\"_blank\" rel=\"nofollow noopener\">Madrid vai propor \u00e0 UE o fim definitivo da mudan\u00e7a de hora na Europa: rel\u00f3gios atrasam uma hora no pr\u00f3ximo fim de semana<\/a>&nbsp;&nbsp;Expresso<\/li>\n<li><a href=\"https:\/\/news.google.com\/rss\/articles\/CBMikAFBVV95cUxQZTFISllDNkJvT0VtNDFjXzlZdGxuOXhVeThrSlBCVGpORFdQLVYzbXNKS3pfNlJwQkFWUmtreVJwWXdKOFhpX1JyVDZlbVdINU9SeGJJcUdZNDEwd216aTFFSjlJdUlYdDBJbEQxUXhETjJWLTlzUjJzT2dEQ00wWEZIczJjN1cwVmVSZElOcUk?oc=5\" target=\"_blank\" rel=\"nofollow noopener\">Retorno do hor\u00e1rio de ver\u00e3o em outubro de 2025<\/a>&nbsp;&nbsp;Estado de Minas<\/li>\n<li><a href=\"https:\/\/news.google.com\/rss\/articles\/CBMiogFBVV95cUxOdnpiaFVzaU5YamJvbXZDbzlZbFd2bHkwNXBFQnNiYW1OVzNPU2EzY3dqTUtRRXVXU2dTcVhsWDJUTFNhczBzYjVzNUQxSS1IOElxZlpuTzE1OVF0SzRfVnY2cm5sTzdkR0NGeUYxcVQyRW9RMnhnQ0MxeE40T1VqTjg1MUpDTmtISkNEQUloT0hKeU0waGZTZUw0bWhIcXRndEE?oc=5\" target=\"_blank\" rel=\"nofollow noopener\">S\u00e1nchez insta a UE a p\u00f4r fim \u00e0 mudan\u00e7a da hora: &#8220;J\u00e1 n\u00e3o faz sentido&#8221;<\/a>&nbsp;&nbsp;Euronews.com<\/li>\n<li><a href=\"https:\/\/news.google.com\/rss\/articles\/CBMisAFBVV95cUxOZC1CUWdabFFhY2o0YzI3VDJFYTExc0NyMkttcjEzaHU4MDRfX2V3Wi1nMWljUjlfWVZKS0ZkaVR0d3RuREwwM1VQVGZuX3Q1a3FIX1JFWUQ3bWJKVVVFSUFNd1dQVUp1dTRGdGpWNzNxRGQzZGVTRlk2X04zdmptQThGMVpUbTZaaWZfdWRhcUVWR3E2WUFVdEZGVExVa1V3dkNWT0phMzZuRDRhMEc1aA?oc=5\" target=\"_blank\" rel=\"nofollow noopener\">&#8220;N\u00e3o faz sentido&#8221;. Espanha avan\u00e7a com proposta para acabar com mudan\u00e7a de hora<\/a>&nbsp;&nbsp;RTP<\/li>\n<li><a href=\"https:\/\/news.google.com\/rss\/articles\/CBMilgFBVV95cUxOVkM3Tng3UlRvWmgxU2NIay1wRE1seHpBT3J5WEJoZ05vOTB5M2RQWV9QMWZpa1NKWHA1N29nWUhNODdqeFk5TXhqMUFNWHNXY0UxTEhDSnJqczRzbzE0cGJZR2tpdjJSZTk2ZkdyYjFLVkg4N085Y1hmbVBoZmNjSVBXMFpER2pZRTI3Yng1MjJ5NUJKUXc?oc=5\" target=\"_blank\" rel=\"nofollow noopener\">Rel\u00f3gios atrasam uma hora na madrugada do pr\u00f3ximo domingo<\/a>&nbsp;&nbsp;Observador<\/li>\n<\/ol>\n","protected":false},"excerpt":{"rendered":"Madrid vai propor \u00e0 UE o fim definitivo da mudan\u00e7a de hora na Europa: rel\u00f3gios atrasam uma hora&hellip;\n","protected":false},"author":2,"featured_media":113901,"comment_status":"","ping_status":"","sticky":false,"template":"","format":"standard","meta":{"footnotes":""},"categories":[8],"tags":[27,28,15,16,14,25,26,21,22,12,13,19,20,32,23,24,33,17,18,29,30,31],"class_list":{"0":"post-118617","1":"post","2":"type-post","3":"status-publish","4":"format-standard","5":"has-post-thumbnail","7":"category-principais-noticias","8":"tag-breaking-news","9":"tag-breakingnews","10":"tag-featured-news","11":"tag-featurednews","12":"tag-headlines","13":"tag-latest-news","14":"tag-latestnews","15":"tag-main-news","16":"tag-mainnews","17":"tag-news","18":"tag-noticias","19":"tag-noticias-principais","20":"tag-noticiasprincipais","21":"tag-portugal","22":"tag-principais-noticias","23":"tag-principaisnoticias","24":"tag-pt","25":"tag-top-stories","26":"tag-topstories","27":"tag-ultimas","28":"tag-ultimas-noticias","29":"tag-ultimasnoticias"},"share_on_mastodon":{"url":"https:\/\/pubeurope.com\/@pt\/115406088794888889","error":""},"_links":{"self":[{"href":"https:\/\/www.europesays.com\/pt\/wp-json\/wp\/v2\/posts\/118617","targetHints":{"allow":["GET"]}}],"collection":[{"href":"https:\/\/www.europesays.com\/pt\/wp-json\/wp\/v2\/posts"}],"about":[{"href":"https:\/\/www.europesays.com\/pt\/wp-json\/wp\/v2\/types\/post"}],"author":[{"embeddable":true,"href":"https:\/\/www.europesays.com\/pt\/wp-json\/wp\/v2\/users\/2"}],"replies":[{"embeddable":true,"href":"https:\/\/www.europesays.com\/pt\/wp-json\/wp\/v2\/comments?post=118617"}],"version-history":[{"count":0,"href":"https:\/\/www.europesays.com\/pt\/wp-json\/wp\/v2\/posts\/118617\/revisions"}],"wp:featuredmedia":[{"embeddable":true,"href":"https:\/\/www.europesays.com\/pt\/wp-json\/wp\/v2\/media\/113901"}],"wp:attachment":[{"href":"https:\/\/www.europesays.com\/pt\/wp-json\/wp\/v2\/media?parent=118617"}],"wp:term":[{"taxonomy":"category","embeddable":true,"href":"https:\/\/www.europesays.com\/pt\/wp-json\/wp\/v2\/categories?post=118617"},{"taxonomy":"post_tag","embeddable":true,"href":"https:\/\/www.europesays.com\/pt\/wp-json\/wp\/v2\/tags?post=118617"}],"curies":[{"name":"wp","href":"https:\/\/api.w.org\/{rel}","templated":true}]}}