{"id":118621,"date":"2025-10-20T10:51:08","date_gmt":"2025-10-20T10:51:08","guid":{"rendered":"https:\/\/www.europesays.com\/pt\/118621\/"},"modified":"2025-10-20T10:51:08","modified_gmt":"2025-10-20T10:51:08","slug":"benfica-e-fc-porto-na-disputa-por-promessa-brasileira","status":"publish","type":"post","link":"https:\/\/www.europesays.com\/pt\/118621\/","title":{"rendered":"Benfica e FC Porto na disputa por promessa brasileira"},"content":{"rendered":"<p>&#8211; Advertisement &#8211;<\/p>\n<p><strong>O Benfica e o FC Porto est\u00e3o a acompanhar o crescimento de Rhuan Gabriel, m\u00e9dio que representa o Cruzeiro de Leonardo Jardim.<\/strong><\/p>\n<p>Rhuan Gabriel \u00e9 um nome que interessa a Benfica e a FC Porto para um dos pr\u00f3ximos mercados de transfer\u00eancias. Segundo a imprensa brasileira, os dois emblemas perguntaram ao Cruzeiro pela disponibilidade do jogador, que esteve presente no Mundial Sub-20, ao servi\u00e7o do Brasil.<\/p>\n<p>O jovem m\u00e9dio \u00e9 considerado uma das p\u00e9rolas da forma\u00e7\u00e3o de Belo Horizonte e tem um contrato v\u00e1lido at\u00e9 2029, com uma cl\u00e1usula de 100 milh\u00f5es de euros, o que deixa o emblema de <a href=\"https:\/\/bolanarede.pt\/etiqueta\/leonardo-jardim\/\" target=\"_blank\" rel=\"noreferrer noopener nofollow\">Leonardo Jardim <\/a>mais seguro com o interesse de equipas europeias.<\/p>\n<p>Rhuan Gabriel tem 19 anos e esta \u00e9poca pelos Sub-20 do Cruzeiro leva 19 encontros, sete golos e uma assist\u00eancia.<\/p>\n","protected":false},"excerpt":{"rendered":"&#8211; Advertisement &#8211; O Benfica e o FC Porto est\u00e3o a acompanhar o crescimento de Rhuan Gabriel, m\u00e9dio&hellip;\n","protected":false},"author":2,"featured_media":118622,"comment_status":"","ping_status":"","sticky":false,"template":"","format":"standard","meta":{"footnotes":""},"categories":[87],"tags":[260,51,135,478,282,32,33,27625,134],"class_list":{"0":"post-118621","1":"post","2":"type-post","3":"status-publish","4":"format-standard","5":"has-post-thumbnail","7":"category-desporto","8":"tag-atualidade","9":"tag-benfica","10":"tag-desporto","11":"tag-destaques-bnr","12":"tag-fc-porto","13":"tag-portugal","14":"tag-pt","15":"tag-rhuan-gabriel","16":"tag-sports"},"share_on_mastodon":{"url":"https:\/\/pubeurope.com\/@pt\/115406116310227151","error":""},"_links":{"self":[{"href":"https:\/\/www.europesays.com\/pt\/wp-json\/wp\/v2\/posts\/118621","targetHints":{"allow":["GET"]}}],"collection":[{"href":"https:\/\/www.europesays.com\/pt\/wp-json\/wp\/v2\/posts"}],"about":[{"href":"https:\/\/www.europesays.com\/pt\/wp-json\/wp\/v2\/types\/post"}],"author":[{"embeddable":true,"href":"https:\/\/www.europesays.com\/pt\/wp-json\/wp\/v2\/users\/2"}],"replies":[{"embeddable":true,"href":"https:\/\/www.europesays.com\/pt\/wp-json\/wp\/v2\/comments?post=118621"}],"version-history":[{"count":0,"href":"https:\/\/www.europesays.com\/pt\/wp-json\/wp\/v2\/posts\/118621\/revisions"}],"wp:featuredmedia":[{"embeddable":true,"href":"https:\/\/www.europesays.com\/pt\/wp-json\/wp\/v2\/media\/118622"}],"wp:attachment":[{"href":"https:\/\/www.europesays.com\/pt\/wp-json\/wp\/v2\/media?parent=118621"}],"wp:term":[{"taxonomy":"category","embeddable":true,"href":"https:\/\/www.europesays.com\/pt\/wp-json\/wp\/v2\/categories?post=118621"},{"taxonomy":"post_tag","embeddable":true,"href":"https:\/\/www.europesays.com\/pt\/wp-json\/wp\/v2\/tags?post=118621"}],"curies":[{"name":"wp","href":"https:\/\/api.w.org\/{rel}","templated":true}]}}