{"id":118631,"date":"2025-10-20T10:57:20","date_gmt":"2025-10-20T10:57:20","guid":{"rendered":"https:\/\/www.europesays.com\/pt\/118631\/"},"modified":"2025-10-20T10:57:20","modified_gmt":"2025-10-20T10:57:20","slug":"veja-a-lista-de-locais-onde-vao-estar-os-radares-da-psp-esta-semana-2","status":"publish","type":"post","link":"https:\/\/www.europesays.com\/pt\/118631\/","title":{"rendered":"veja a lista de locais onde v\u00e3o estar os radares da PSP esta semana"},"content":{"rendered":"<p>A Pol\u00edcia de Seguran\u00e7a P\u00fablica (PSP) disponibilizou, como j\u00e1 vem sendo habitual, a calendariza\u00e7\u00e3o e respetivo hor\u00e1rio de algumas opera\u00e7\u00f5es de controlo de velocidade ao longo do m\u00eas de outubro. S\u00e3o mais de 100 locais em todo o pa\u00eds e ilhas.<\/p>\n<p>A PSP indica que o planeamento \u00e9 \u201cindicativo\u201d, pelo que est\u00e1 sujeito a \u201caltera\u00e7\u00f5es pontuais\u201d.<\/p>\n<p>Assim, tome nota de onde v\u00e3o estar os pr\u00f3ximos dias, ao longo desta semana:<\/p>\n<p>AVEIRO<\/p>\n<p>\u200b20\/out\/25 \u2013 08h00\/12h00 \u2013 Avenida da Europa \u2013 Junto \u00e0 BP | Aveiro<br \/>22\/out\/25 \u2013 09h00\/12h00 \u2013 Av. Dr. Liberdade | S\u00e3o Jo\u00e3o da Madeira<br \/>23\/out\/25 \u2013 09h00\/12h00 \u2013 Variante R.19 \u2013 Anta | Espinho<br \/>\u200b24\/out\/25 \u2013 09h00\/12h00 \u2013 R. Circunvala\u00e7\u00e3o | Santa Maria da Feira<\/p>\n<p>BEJA<\/p>\n<p>20\/out\/25 \u2013 09h00\/12h00 \u2013 Rua Manuel Joaquim Delgado | Beja<\/p>\n<p>BRAGAN\u00c7A<\/p>\n<p>22\/out\/25 \u2013 08h00\/13h00 \u2013 Estrada de Vinhais | Bragan\u00e7a<br \/>23\/out\/25 \u2013 08h00\/13h00 \u2013 Nacional 15 | Mirandela<\/p>\n<p>BRAGA<\/p>\n<p>24\/out\/25 \u2013 16h00\/18h00 \u2013 Av.\u00aa Miguel Torga | Braga<\/p>\n<p>COIMBRA<\/p>\n<p>21\/out\/25 \u2013 09h00\/12h00 \u2013 Avenida Dr. Francisco S\u00e1 Carneiro<\/p>\n<p>LEIRIA<\/p>\n<p>20\/out\/25 \u2013 09h00\/12h00 \u2013 Alcoba\u00e7a \u2013 VCI (sentido descendente)<br \/>21\/out\/25 \u2013 09h00\/12h00 \u2013 Avenida Nogent Sur Marne, junto ao McDonald\u2019s | Nazar\u00e9<\/p>\n<p>LISBOA<\/p>\n<p>22\/out\/25 \u2013 08h30\/11h30 \u2013 Estrada Nacional 250.1 \u2013 Barat\u00e3 | Algueir\u00e3o<br \/>22\/out\/25 \u2013 13h30\/16h00 \u2013 Avenida Eng. Duarte Pacheco | Queluz<br \/>23\/out\/25 \u2013 14h00\/17h00 \u2013 Rua Cidade de Praga | Lisboa<br \/>24\/out\/25 \u2013 08h00\/17h00 \u2013 Av\u00aa da Marginal, KM 18,2 \u2013 Hotel Miragem | Cascais<\/p>\n<p>PORTALEGRE<\/p>\n<p>22\/out\/25 \u2013 00h80\/11h00 \u2013 Avenida de Badajoz | Portalegre<\/p>\n<p>PORTO<\/p>\n<p>20\/out\/25 \u2013 16h00\/00h00 \u2013 E. M. 556 c\/ Rua Major de Diniz | Santo Tirso<br \/>22\/out\/25 \u2013 13h00\/20h00 \u2013 Rua Her\u00f3is do Ultramar \u2013 1268, Vilar de Andorinho | Vila Nova de Gaia<br \/>\u200b23\/out\/25 \u2013 13h00\/20h00 \u2013 Av. Eng. Duarte Pacheco com R. Padre Am\u00e9rico | Valongo<\/p>\n<p>SET\u00daBAL<\/p>\n<p>22\/out\/25 \u2013 15h00\/17h00 \u2013 Avenida 1 de Dezembro 1640 | Seixal<\/p>\n<p>VILA REAL<\/p>\n<p>20\/out\/25 \u2013 08h00\/12h00 \u2013 Av. Aureliano Barrigas | Vila Real<\/p>\n<p>VIANA DO CASTELO<\/p>\n<p>24\/out\/25 \u2013 10h30\/13h00 \u2013 Rua Agostinho Jos\u00e9 Taveira | Ponte de Lima<\/p>\n","protected":false},"excerpt":{"rendered":"A Pol\u00edcia de Seguran\u00e7a P\u00fablica (PSP) disponibilizou, como j\u00e1 vem sendo habitual, a calendariza\u00e7\u00e3o e respetivo hor\u00e1rio de&hellip;\n","protected":false},"author":2,"featured_media":118632,"comment_status":"","ping_status":"","sticky":false,"template":"","format":"standard","meta":{"footnotes":""},"categories":[10],"tags":[27,28,15,16,14,25,26,21,22,12,13,19,20,32,23,24,33,17,18,29,30,31],"class_list":{"0":"post-118631","1":"post","2":"type-post","3":"status-publish","4":"format-standard","5":"has-post-thumbnail","7":"category-portugal","8":"tag-breaking-news","9":"tag-breakingnews","10":"tag-featured-news","11":"tag-featurednews","12":"tag-headlines","13":"tag-latest-news","14":"tag-latestnews","15":"tag-main-news","16":"tag-mainnews","17":"tag-news","18":"tag-noticias","19":"tag-noticias-principais","20":"tag-noticiasprincipais","21":"tag-portugal","22":"tag-principais-noticias","23":"tag-principaisnoticias","24":"tag-pt","25":"tag-top-stories","26":"tag-topstories","27":"tag-ultimas","28":"tag-ultimas-noticias","29":"tag-ultimasnoticias"},"share_on_mastodon":{"url":"https:\/\/pubeurope.com\/@pt\/115406139917872956","error":""},"_links":{"self":[{"href":"https:\/\/www.europesays.com\/pt\/wp-json\/wp\/v2\/posts\/118631","targetHints":{"allow":["GET"]}}],"collection":[{"href":"https:\/\/www.europesays.com\/pt\/wp-json\/wp\/v2\/posts"}],"about":[{"href":"https:\/\/www.europesays.com\/pt\/wp-json\/wp\/v2\/types\/post"}],"author":[{"embeddable":true,"href":"https:\/\/www.europesays.com\/pt\/wp-json\/wp\/v2\/users\/2"}],"replies":[{"embeddable":true,"href":"https:\/\/www.europesays.com\/pt\/wp-json\/wp\/v2\/comments?post=118631"}],"version-history":[{"count":0,"href":"https:\/\/www.europesays.com\/pt\/wp-json\/wp\/v2\/posts\/118631\/revisions"}],"wp:featuredmedia":[{"embeddable":true,"href":"https:\/\/www.europesays.com\/pt\/wp-json\/wp\/v2\/media\/118632"}],"wp:attachment":[{"href":"https:\/\/www.europesays.com\/pt\/wp-json\/wp\/v2\/media?parent=118631"}],"wp:term":[{"taxonomy":"category","embeddable":true,"href":"https:\/\/www.europesays.com\/pt\/wp-json\/wp\/v2\/categories?post=118631"},{"taxonomy":"post_tag","embeddable":true,"href":"https:\/\/www.europesays.com\/pt\/wp-json\/wp\/v2\/tags?post=118631"}],"curies":[{"name":"wp","href":"https:\/\/api.w.org\/{rel}","templated":true}]}}