{"id":118639,"date":"2025-10-20T11:02:09","date_gmt":"2025-10-20T11:02:09","guid":{"rendered":"https:\/\/www.europesays.com\/pt\/118639\/"},"modified":"2025-10-20T11:02:09","modified_gmt":"2025-10-20T11:02:09","slug":"marisa-susana-comenta-esta-polvora-vai-explodir-aquela-mulher-secret-story","status":"publish","type":"post","link":"https:\/\/www.europesays.com\/pt\/118639\/","title":{"rendered":"Marisa Susana comenta: \u00abEst\u00e1 p\u00f3lvora, vai explodir aquela mulher\u00bb &#8211; Secret Story"},"content":{"rendered":"<p>No Secret Story 9, Marisa Susana comenta a atitude de uma das colegas casa e diz que \u00abvai explodir\u00bb.\u00a0<\/p>\n<p>Isto acontece ap\u00f3s uma noite de emo\u00e7\u00f5es fortes. N\u00e3o s\u00f3 a gala de ontem foi intensa, marcada pela <a href=\"https:\/\/tvi.iol.pt\/secretstory\/secret-story\/segredo\/secret-story-joana-desvenda-segredo-de-fabio-e-esta-foi-a-reacao-de-liliana\" rel=\"nofollow noopener\" target=\"_blank\">revela\u00e7\u00e3o de segredo de F\u00e1bio<\/a> por Joana &#8211; que <a href=\"https:\/\/tvi.iol.pt\/secretstory\/videos\/concorrente-abandona-a-casa-e-deixa-todos-em-choque-veja-o-momento\/68f5701b0cf29d28d8297405\" rel=\"nofollow noopener\" target=\"_blank\">acabou expulsa pelos portugueses<\/a> &#8211; como no p\u00f3s-gala,\u00a0<a href=\"https:\/\/tvi.iol.pt\/secretstory\/videos\/as-imagens-que-abalaram-a-noite-vera-ultrapassa-limites-numa-discussao-com-dylan\/68f5e4c80cf285ab53a6aa07\" rel=\"nofollow noopener\" target=\"_blank\">Vera envolveu-se numa forte discuss\u00e3o com Dylan e acabou por perder as estribeiras<\/a>.\u00a0<\/p>\n<p>Tudo aconteceu porque Dylan ter\u00e1 falado nas filhas de Vera, ela n\u00e3o gostou e num <a href=\"https:\/\/tvi.iol.pt\/secretstory\/videos\/longe-demais-vera-perde-a-cabeca-com-dylan-e-o-impensavel-acontece\/68f584990cf285ab53a6a9bd\" rel=\"nofollow noopener\" target=\"_blank\">frente a frente com o concorrente acabou por ultrapassar os limites<\/a>, deixando os colegas em choque, sem saber como reagir numa situa\u00e7\u00e3o destas.\u00a0<\/p>\n<p>Depois do momento, as rea\u00e7\u00f5es foram muitas: Vera referiu que n\u00e3o admite que ningu\u00e9m toque no nome das filhas e que far\u00e1 o que for preciso para as defender e Dylan n\u00e3o calou a revolta com o que aconteceu.\u00a0<\/p>\n","protected":false},"excerpt":{"rendered":"No Secret Story 9, Marisa Susana comenta a atitude de uma das colegas casa e diz que \u00abvai&hellip;\n","protected":false},"author":2,"featured_media":118640,"comment_status":"","ping_status":"","sticky":false,"template":"","format":"standard","meta":{"footnotes":""},"categories":[142],"tags":[114,115,19033,19153,19034,32,33,151,19032],"class_list":{"0":"post-118639","1":"post","2":"type-post","3":"status-publish","4":"format-standard","5":"has-post-thumbnail","7":"category-tv","8":"tag-entertainment","9":"tag-entretenimento","10":"tag-galas-em-video","11":"tag-marisa-susana","12":"tag-melhores-momentos-casa-dos-segredos","13":"tag-portugal","14":"tag-pt","15":"tag-tv","16":"tag-videos-secret-story-tvi"},"share_on_mastodon":{"url":"https:\/\/pubeurope.com\/@pt\/115406159439859723","error":""},"_links":{"self":[{"href":"https:\/\/www.europesays.com\/pt\/wp-json\/wp\/v2\/posts\/118639","targetHints":{"allow":["GET"]}}],"collection":[{"href":"https:\/\/www.europesays.com\/pt\/wp-json\/wp\/v2\/posts"}],"about":[{"href":"https:\/\/www.europesays.com\/pt\/wp-json\/wp\/v2\/types\/post"}],"author":[{"embeddable":true,"href":"https:\/\/www.europesays.com\/pt\/wp-json\/wp\/v2\/users\/2"}],"replies":[{"embeddable":true,"href":"https:\/\/www.europesays.com\/pt\/wp-json\/wp\/v2\/comments?post=118639"}],"version-history":[{"count":0,"href":"https:\/\/www.europesays.com\/pt\/wp-json\/wp\/v2\/posts\/118639\/revisions"}],"wp:featuredmedia":[{"embeddable":true,"href":"https:\/\/www.europesays.com\/pt\/wp-json\/wp\/v2\/media\/118640"}],"wp:attachment":[{"href":"https:\/\/www.europesays.com\/pt\/wp-json\/wp\/v2\/media?parent=118639"}],"wp:term":[{"taxonomy":"category","embeddable":true,"href":"https:\/\/www.europesays.com\/pt\/wp-json\/wp\/v2\/categories?post=118639"},{"taxonomy":"post_tag","embeddable":true,"href":"https:\/\/www.europesays.com\/pt\/wp-json\/wp\/v2\/tags?post=118639"}],"curies":[{"name":"wp","href":"https:\/\/api.w.org\/{rel}","templated":true}]}}